{"id":10209,"date":"2018-03-01T21:48:57","date_gmt":"2018-03-02T00:48:57","guid":{"rendered":"http:\/\/guiadenoticias.com.ar\/diario\/?p=10209"},"modified":"2018-03-01T21:49:18","modified_gmt":"2018-03-02T00:49:18","slug":"bachilleratos-para-adultos-en-alerta-por-posibles-cierres","status":"publish","type":"post","link":"https:\/\/guiadenoticias.com.ar\/diario\/bachilleratos-para-adultos-en-alerta-por-posibles-cierres\/","title":{"rendered":"Bachilleratos para Adultos, en alerta por posibles cierres"},"content":{"rendered":"<p>La comunidad educativa de los Bachilleratos para Adultos de San Mart\u00edn se encuentran movilizados ante la sorpresiva determinaci\u00f3n provincial de cambiarlos por un formato juvenil. La Resoluci\u00f3n 1657\/17 firmada en diciembre pasado por la Direcci\u00f3n General de Cultura y Educaci\u00f3n establece\u00a0 que a partir del 1 de enero \u201clos actuales Bachilleratos para Adultos (&#8230;) adoptar\u00e1n la denominaci\u00f3n de \u2018Bachilleratos Juveniles\u2019 para poblaci\u00f3n de entre 15 a 18 a\u00f1os\u201d.<\/p>\n<p>Los chicos que concurren con sobreedad en el secundario tradicional deber\u00e1n terminar sus estudios en un Juvenil. Al tiempo que los mayores de 18 que hac\u00edan Bachiller de Adultos deber\u00e1n concretar sus estudios bajo otros formatos.<\/p>\n<p>Entre los establecimientos afectados en el distrito est\u00e1n el Eduardo Wilde (San Mart\u00edn), el Comercial y la Media 7 (ambos de Villa Ballester). Gu\u00eda de Noticias dialog\u00f3 con docentes de esta \u00faltima escuela y sus trabajadores calificaron a la medida de \u201cinconsulta y sorpresiva\u201d y alarmaron sobre la p\u00e9rdida de oferta para los alumnos, la ca\u00edda de la calidad educativa y la posible p\u00e9rdida de puestos de trabajo por cierre de cursos.<\/p>\n<p>Gustavo Noguera, jefe de preceptores, empez\u00f3 a trabajar en la Secundaria 7 en 1989 y conoce cada palmo del establecimiento como nadie. \u201cEsta es una escuela pionera en la modalidad Adultos, que naci\u00f3 enfocada a los oficios, y se fue convirtiendo en una referencia para la zona\u201d, destac\u00f3. Brinda salida laboral en tres orientaciones: Turismo, Gesti\u00f3n y Ciencias Sociales.<\/p>\n<p>Seg\u00fan Luc\u00eda Oro\u00f1o, orientadora social del colegio, \u201cla gente de todo el distrito la elige por su buena ubicaci\u00f3n (cerca de la estaci\u00f3n de Ballester) y por su connotada calidad de ense\u00f1anza\u201d.\u00a0 \u201cAl punto que tenemos tres generaciones de alumnos que pasaron por ac\u00e1. Los abuelos, padres e hijos han estudiado con nosotros\u201d, agreg\u00f3 Noguera, con una mezcla de orgullo y de bronca por los cambios.<\/p>\n<p>Mar\u00eda Bel\u00e9n Sabor, alumna del colegio, a su turno manifest\u00f3: \u201cMe siento indignada e impotente porque no es justo para todos los que estudiamos ac\u00e1, siendo gente que trabaja y hasta tiene hijos, paguemos las consecuencias de las decisiones del Gobierno \u00bfD\u00f3nde est\u00e1n los derechos educativos?\u201d.<\/p>\n<p><strong>\u00bfRETROCESO EN LA CAPACITACI\u00d3N?<\/strong><\/p>\n<p>\u201cEsta reforma primero no fue consultada con las escuelas y, en segundo lugar, el Ministerio mand\u00f3 en diciembre una Resoluci\u00f3n que nos orden\u00f3 dejar de\u00a0 inscribir para el Bachillerato de Adultos\u201d, explic\u00f3 el jefe de preceptores.<\/p>\n<p>Por esto, el argumento principal que los docentes esgrimen es que \u201clos alumnos pierden fuertemente la calidad educativa\u201d. \u201cSe corta la posibilidad de estudiar donde eligieron y los derivan hacia un\u00a0 CENS, que ser\u00e1 transformado en algo parecido al FINES, semi presencial y con pocas horas de clase\u201d.<\/p>\n<p>En consecuencia, los cambios de modalidad y de lugar de estudio afectar\u00edan la formaci\u00f3n de los estudiantes. \u201cYa es prohibitivo pensar que pasen a una universidad porque les cuesta el ingreso\u201d, sostuvo Luis Pereyra, otro de los preceptores con casi tres d\u00e9cadas en la escuela. Mabel Tolore, profesora, agreg\u00f3 que \u201centonces esos alumnos cuando egresen no van a poder estar preparados para un terciario\u201d.<\/p>\n<p><strong>LAS FUENTES LABORALES<\/strong><\/p>\n<p>Otras de las consecuencias se\u00f1aladas por la comunidad de la Secundaria 7 es que \u201cse pone en riesgo la continuidad laboral de muchos docentes\u201d, y critican que se \u201ccambien las reglas de juego cuando ya hab\u00edamos empezado a inscribir adultos\u201d.<\/p>\n<p>Para Noguera, \u201cla Resoluci\u00f3n provincial significa un achique de parte del Gobierno, porque en un par de a\u00f1os muchos docentes van a quedar en disponibilidad, por cierre de cursos\u201d.<\/p>\n<p>La profesora Tolore expuso, desconcertada, que \u201clos docentes sin cursos van a tener que reubicarse en otros establecimientos, lo cual es muy dif\u00edcil. Y la situaci\u00f3n es muy contradictoria porque la semana pasada docentes titularizaron horas en nuestra escuela\u201d.<\/p>\n<p>\u201cNinguna autoridad provincial baj\u00f3 a explicarnos por qu\u00e9 y c\u00f3mo se implementan estos cambios. Mientras, nosotros quedamos en el medio de alumnos, familias y estas medidas. Lo \u00fanico que se busca es que cierren los n\u00fameros\u201d, concluy\u00f3 Pereyra.<\/p>\n<p>A pesar de la confusi\u00f3n y la incertidumbre por su destino, la comunidad educativa de la Escuela Secundaria 7 se moviliza a trav\u00e9s de las redes sociales y en actividades p\u00fablicas. Abri\u00f3 una p\u00e1gina en Facebook llamada \u201cNo al cierre adultos media siete\u201d, que cosecha adhesiones de diferentes sectores sociales sanmartinenses. Tambi\u00e9n, el mi\u00e9rcoles uni\u00f3 fuerzas con otras escuelas en su misma situaci\u00f3n, al realizar una concentraci\u00f3n de docentes y estudiantes en pleno centro de San Mart\u00edn.<\/p>\n<p>El pr\u00f3ximo s\u00e1bado, a las 17 horas, realizar\u00e1 una actividad en la Plaza Roca de Villa Ballester, Roca y Artigas, para denunciar su posible cierre y recibir el apoyo de vecinos.<\/p>\n","protected":false},"excerpt":{"rendered":"<p>La comunidad educativa de los Bachilleratos para Adultos de San Mart\u00edn se encuentran movilizados ante la sorpresiva determinaci\u00f3n provincial de cambiarlos por un formato juvenil. La Resoluci\u00f3n 1657\/17 firmada en diciembre pasado por la Direcci\u00f3n General de Cultura y Educaci\u00f3n establece\u00a0 que a partir del 1 de enero \u201clos actuales Bachilleratos para Adultos (&#8230;) adoptar\u00e1n [&hellip;]<\/p>\n","protected":false},"author":1,"featured_media":10210,"comment_status":"closed","ping_status":"open","sticky":false,"template":"","format":"standard","meta":{"footnotes":""},"categories":[19,20,48,31,24],"tags":[],"class_list":{"0":"post-10209","1":"post","2":"type-post","3":"status-publish","4":"format-standard","5":"has-post-thumbnail","7":"category-informacion-general","8":"category-municipios","9":"category-politica-argentina","10":"category-provincia","11":"category-san-martin"},"aioseo_notices":[],"_links":{"self":[{"href":"https:\/\/guiadenoticias.com.ar\/diario\/wp-json\/wp\/v2\/posts\/10209","targetHints":{"allow":["GET"]}}],"collection":[{"href":"https:\/\/guiadenoticias.com.ar\/diario\/wp-json\/wp\/v2\/posts"}],"about":[{"href":"https:\/\/guiadenoticias.com.ar\/diario\/wp-json\/wp\/v2\/types\/post"}],"author":[{"embeddable":true,"href":"https:\/\/guiadenoticias.com.ar\/diario\/wp-json\/wp\/v2\/users\/1"}],"replies":[{"embeddable":true,"href":"https:\/\/guiadenoticias.com.ar\/diario\/wp-json\/wp\/v2\/comments?post=10209"}],"version-history":[{"count":1,"href":"https:\/\/guiadenoticias.com.ar\/diario\/wp-json\/wp\/v2\/posts\/10209\/revisions"}],"predecessor-version":[{"id":10211,"href":"https:\/\/guiadenoticias.com.ar\/diario\/wp-json\/wp\/v2\/posts\/10209\/revisions\/10211"}],"wp:featuredmedia":[{"embeddable":true,"href":"https:\/\/guiadenoticias.com.ar\/diario\/wp-json\/wp\/v2\/media\/10210"}],"wp:attachment":[{"href":"https:\/\/guiadenoticias.com.ar\/diario\/wp-json\/wp\/v2\/media?parent=10209"}],"wp:term":[{"taxonomy":"category","embeddable":true,"href":"https:\/\/guiadenoticias.com.ar\/diario\/wp-json\/wp\/v2\/categories?post=10209"},{"taxonomy":"post_tag","embeddable":true,"href":"https:\/\/guiadenoticias.com.ar\/diario\/wp-json\/wp\/v2\/tags?post=10209"}],"curies":[{"name":"wp","href":"https:\/\/api.w.org\/{rel}","templated":true}]}}