{"id":10321,"date":"2018-03-17T02:08:38","date_gmt":"2018-03-17T05:08:38","guid":{"rendered":"http:\/\/guiadenoticias.com.ar\/diario\/?p=10321"},"modified":"2018-03-17T02:09:36","modified_gmt":"2018-03-17T05:09:36","slug":"docentes-y-vecinos-movilizados-contra-el-cierre-de-escuelas","status":"publish","type":"post","link":"https:\/\/guiadenoticias.com.ar\/diario\/docentes-y-vecinos-movilizados-contra-el-cierre-de-escuelas\/","title":{"rendered":"Docentes y vecinos, movilizados contra el cierre de escuelas"},"content":{"rendered":"<p>Los sindicatos docentes SUTEBA, FEB, UDocBA y SADOP marcharon durante al atardecer del jueves por el centro de Munro, Vicente L\u00f3pez, para \u201cresistir al gobierno provincial que ajusta a la educaci\u00f3n p\u00fablica\u201d. La consigna para la concentraci\u00f3n fue frenar el cierre de escuelas y cursos en el distrito, donde al menos ocho establecimientos de todos los niveles fueron afectados por recortes del gobierno bonaerense.<\/p>\n<p>Clara G\u00f3mez, secretaria General de SUTEBA local, sostuvo ante Gu\u00eda de Noticias que lo m\u00e1s urgente \u201ces el cierre de los bachilleratos de adultos en todo el territorio provincial\u201d. Aunque aclar\u00f3, \u201cluchamos arduamente contra esta medida y hoy podemos decir que hubo una revisi\u00f3n. Las clases empiezan con todos los adultos en la aulas\u201d.<\/p>\n<p>En la ma\u00f1ana previa a la manifestaci\u00f3n, los sindicatos y directivos fueron anoticiados que el viernes 16 los bachilleratos de adultos empiezan sus clases. \u201cEl gobierno dio marcha atr\u00e1s ante la construcci\u00f3n colectiva que se est\u00e1 dando en la escuela p\u00fablica\u201d, celebr\u00f3 la sindicalista.<\/p>\n<p>Sin embargo, fuentes gremiales informaron que las escuelas primarias 11, 15, 19 y 31 sufrieron cierres y fusiones de cursos, mientras que las secundarias b\u00e1sicas 12 y 15 fueron cerradas y sus trabajadores pasaron a disponibilidad. \u201cSe llegaron a fusionar cursos para formar pluri a\u00f1os, que son agrupamientos de varios grados diferentes\u201d, detallaron.<\/p>\n<p>El Frente de Unidad Docente (que re\u00fane a los sindicatos) accion\u00f3 para evitar el cierre de salas de los jardines maternales 902 y 910. Estos establecimientos tienen mucha demanda, ya que mantienen una lista de espera de ni\u00f1os que no pudieron empezar las clases por falta de cupo. \u201cCuando hay que referirse a estas medidas, el gobierno habla de optimizaci\u00f3n de los recursos. En verdad es un ajuste, una manera de ver la educaci\u00f3n como mercanc\u00eda y como un gasto para el Estado\u201d, analiz\u00f3 G\u00f3mez. A este panorama se suma el recorte de subsidios que afect\u00f3 a los Centros de Educaci\u00f3n Complementaria, entidades sociales enclavadas en las zonas m\u00e1s vulnerables de Vicente L\u00f3pez.<\/p>\n<p>Por su parte, Mar\u00eda Laura Anderson, secretaria Adjunta de Federaci\u00f3n de Educadores Bonaerense (FEB) del distrito, denunci\u00f3 que \u201cla Provincia quiere privatizar la educaci\u00f3n y precarizar las condiciones laborales de los docentes, por ende no garantiza la educaci\u00f3n p\u00fablica de calidad\u201d.<\/p>\n<p>\u201cLos sindicatos estamos abiertos al\u00a0 di\u00e1logo\u201d, expres\u00f3 al respecto de las paritarias. \u201cEstamos con muchos frentes de batalla abiertos en un juego de desgaste hasta ver qui\u00e9n abandona la lucha. Desde el Frente de Unidad Docente afirmamos que no nos van a ganar por cansancio. Estaremos siempre de pie en defensa de la escuela p\u00fablica\u201d, declar\u00f3.<\/p>\n<p>Consultada sobre una merma en la calidad educativa, la dirigente de FEB reconoci\u00f3 que \u201cse debe aggiornar la educaci\u00f3n p\u00fablica, pero queremos ser parte de la discusi\u00f3n de la calidad, no que nos impongan recortes presupuestarios y nos quieran enfrentar con la sociedad\u201d.<\/p>\n<p><strong>MARCHA EN MUNRO<\/strong><\/p>\n<p>En este marco, docentes, alumnos, militantes y vecinos unieron la estaci\u00f3n de ferrocarril de Munro\u00a0 y el centro comercial de Avenida Mitre al marchar por V\u00e9lez Sarsfield cantando \u201clas escuelas no se cierran\u201d. Entremezclados en la manifestaci\u00f3n participaron los ex concejales Carlos Roberto (Partido Socialista) y Joaqu\u00edn Noya (Movimiento Evita).<\/p>\n<p>En la intersecci\u00f3n de Mitre y Ugarte se realiz\u00f3 un acto en el que se expresaron representantes de los gremios educativos, de las familias y de los estudiantes. En representaci\u00f3n de los auxiliares de las escuelas, Fabi\u00e1n \u201cMoncho\u201d Alessandrini (ATE), consider\u00f3 que las manifestaciones sectoriales deben traducirse en un mensaje pol\u00edtico. \u201cLa unidad es la clave para derrotar el ajuste en la calle. Pero tambi\u00e9n sabemos que estos problemas lo resuelve la pol\u00edtica, y el a\u00f1o que viene necesitamos derrotar en las urnas al gobierno de Macri y Vidal\u201d, reclam\u00f3 sin vueltas.<\/p>\n<p>A su turno, el secretario General de la CTA de Vicente L\u00f3pez, Julio Ceresa, pidi\u00f3 a los cientos de movilizados \u201cmostrar que Vidal es Macri\u201d. \u201cEllos ganaron elecciones con el \u2018S\u00ed se puede\u2019. Dijeron, \u2018s\u00ed se puede cerrar las escuelas del Delta, s\u00ed se puede cerrar los bachilleratos de adultos\u2019. Nosotros respondemos \u2018no se puede, contra el pueblo no se puede\u2019\u201d.<\/p>\n","protected":false},"excerpt":{"rendered":"<p>Los sindicatos docentes SUTEBA, FEB, UDocBA y SADOP marcharon durante al atardecer del jueves por el centro de Munro, Vicente L\u00f3pez, para \u201cresistir al gobierno provincial que ajusta a la educaci\u00f3n p\u00fablica\u201d. La consigna para la concentraci\u00f3n fue frenar el cierre de escuelas y cursos en el distrito, donde al menos ocho establecimientos de todos [&hellip;]<\/p>\n","protected":false},"author":1,"featured_media":10322,"comment_status":"closed","ping_status":"open","sticky":false,"template":"","format":"standard","meta":{"footnotes":""},"categories":[49,19,20,48,25],"tags":[],"class_list":{"0":"post-10321","1":"post","2":"type-post","3":"status-publish","4":"format-standard","5":"has-post-thumbnail","7":"category-economia-y-gremiales","8":"category-informacion-general","9":"category-municipios","10":"category-politica-argentina","11":"category-vicente-lopez"},"aioseo_notices":[],"_links":{"self":[{"href":"https:\/\/guiadenoticias.com.ar\/diario\/wp-json\/wp\/v2\/posts\/10321","targetHints":{"allow":["GET"]}}],"collection":[{"href":"https:\/\/guiadenoticias.com.ar\/diario\/wp-json\/wp\/v2\/posts"}],"about":[{"href":"https:\/\/guiadenoticias.com.ar\/diario\/wp-json\/wp\/v2\/types\/post"}],"author":[{"embeddable":true,"href":"https:\/\/guiadenoticias.com.ar\/diario\/wp-json\/wp\/v2\/users\/1"}],"replies":[{"embeddable":true,"href":"https:\/\/guiadenoticias.com.ar\/diario\/wp-json\/wp\/v2\/comments?post=10321"}],"version-history":[{"count":1,"href":"https:\/\/guiadenoticias.com.ar\/diario\/wp-json\/wp\/v2\/posts\/10321\/revisions"}],"predecessor-version":[{"id":10323,"href":"https:\/\/guiadenoticias.com.ar\/diario\/wp-json\/wp\/v2\/posts\/10321\/revisions\/10323"}],"wp:featuredmedia":[{"embeddable":true,"href":"https:\/\/guiadenoticias.com.ar\/diario\/wp-json\/wp\/v2\/media\/10322"}],"wp:attachment":[{"href":"https:\/\/guiadenoticias.com.ar\/diario\/wp-json\/wp\/v2\/media?parent=10321"}],"wp:term":[{"taxonomy":"category","embeddable":true,"href":"https:\/\/guiadenoticias.com.ar\/diario\/wp-json\/wp\/v2\/categories?post=10321"},{"taxonomy":"post_tag","embeddable":true,"href":"https:\/\/guiadenoticias.com.ar\/diario\/wp-json\/wp\/v2\/tags?post=10321"}],"curies":[{"name":"wp","href":"https:\/\/api.w.org\/{rel}","templated":true}]}}