{"id":10829,"date":"2018-06-02T22:12:53","date_gmt":"2018-06-03T01:12:53","guid":{"rendered":"http:\/\/guiadenoticias.com.ar\/diario\/?p=10829"},"modified":"2018-06-03T21:07:08","modified_gmt":"2018-06-04T00:07:08","slug":"reclamo-de-ate-tigre-a-la-jefatura-distrital-de-inspeccion","status":"publish","type":"post","link":"https:\/\/guiadenoticias.com.ar\/diario\/reclamo-de-ate-tigre-a-la-jefatura-distrital-de-inspeccion\/","title":{"rendered":"Reclamo de ATE Tigre a la Jefatura Distrital de Inspecci\u00f3n"},"content":{"rendered":"<p>Primero fue una asamblea multisectorial de ATE Tigre, en la cual participaron sectores de Educaci\u00f3n, Salud, Patronato de Liberados y Casino de Tigre, con el fin de solucionar la falta de cobro de algunos trabajadores y los malos tratos de equipos directivos.<\/p>\n<p>Llegaron a esta situaci\u00f3n ante la falta de respuesta previa del inspector General de Educaci\u00f3n de Tigre, Carlos Palacio, y no atender a los dirigentes de la seccional del sector de Auxiliares de Educaci\u00f3n.<\/p>\n<p>En dicha jornada resolvieron que el 1 de junio, en el marco del paro nacional de ATE, movilizar a la Jefatura Distrital, donde entregaron un petitorio con el detalle de las problem\u00e1ticas que afectan a los auxiliares de educaci\u00f3n. En ese escrito citan por caso maltratos de equipos directivos de las EP 2, 16, 44, 46 y las secundarias 21 y 32. Solicitan asimismo \u00ablibertad sindical\u00bb.<\/p>\n<p>Ese d\u00eda, Palacio recibi\u00f3 a una comitiva gremial para tratar los temas mencionados, integrada por el secretario General de ATE Tigre, Javier Charquero, y la secretaria General Adjunta, Susana Canosa. All\u00ed lograron el compromiso del inspector de armar una reuni\u00f3n el mi\u00e9rcoles pr\u00f3ximo, con los directivos que originaron este conflicto.<\/p>\n","protected":false},"excerpt":{"rendered":"<p>Primero fue una asamblea multisectorial de ATE Tigre, en la cual participaron sectores de Educaci\u00f3n, Salud, Patronato de Liberados y Casino de Tigre, con el fin de solucionar la falta de cobro de algunos trabajadores y los malos tratos de equipos directivos. Llegaron a esta situaci\u00f3n ante la falta de respuesta previa del inspector General [&hellip;]<\/p>\n","protected":false},"author":1,"featured_media":10830,"comment_status":"closed","ping_status":"open","sticky":false,"template":"","format":"standard","meta":{"footnotes":""},"categories":[49,20,23],"tags":[],"class_list":{"0":"post-10829","1":"post","2":"type-post","3":"status-publish","4":"format-standard","5":"has-post-thumbnail","7":"category-economia-y-gremiales","8":"category-municipios","9":"category-tigre"},"aioseo_notices":[],"_links":{"self":[{"href":"https:\/\/guiadenoticias.com.ar\/diario\/wp-json\/wp\/v2\/posts\/10829","targetHints":{"allow":["GET"]}}],"collection":[{"href":"https:\/\/guiadenoticias.com.ar\/diario\/wp-json\/wp\/v2\/posts"}],"about":[{"href":"https:\/\/guiadenoticias.com.ar\/diario\/wp-json\/wp\/v2\/types\/post"}],"author":[{"embeddable":true,"href":"https:\/\/guiadenoticias.com.ar\/diario\/wp-json\/wp\/v2\/users\/1"}],"replies":[{"embeddable":true,"href":"https:\/\/guiadenoticias.com.ar\/diario\/wp-json\/wp\/v2\/comments?post=10829"}],"version-history":[{"count":3,"href":"https:\/\/guiadenoticias.com.ar\/diario\/wp-json\/wp\/v2\/posts\/10829\/revisions"}],"predecessor-version":[{"id":10837,"href":"https:\/\/guiadenoticias.com.ar\/diario\/wp-json\/wp\/v2\/posts\/10829\/revisions\/10837"}],"wp:featuredmedia":[{"embeddable":true,"href":"https:\/\/guiadenoticias.com.ar\/diario\/wp-json\/wp\/v2\/media\/10830"}],"wp:attachment":[{"href":"https:\/\/guiadenoticias.com.ar\/diario\/wp-json\/wp\/v2\/media?parent=10829"}],"wp:term":[{"taxonomy":"category","embeddable":true,"href":"https:\/\/guiadenoticias.com.ar\/diario\/wp-json\/wp\/v2\/categories?post=10829"},{"taxonomy":"post_tag","embeddable":true,"href":"https:\/\/guiadenoticias.com.ar\/diario\/wp-json\/wp\/v2\/tags?post=10829"}],"curies":[{"name":"wp","href":"https:\/\/api.w.org\/{rel}","templated":true}]}}