{"id":11053,"date":"2018-07-05T00:16:07","date_gmt":"2018-07-05T03:16:07","guid":{"rendered":"http:\/\/guiadenoticias.com.ar\/diario\/?p=11053"},"modified":"2018-07-06T00:05:07","modified_gmt":"2018-07-06T03:05:07","slug":"acuerdos-entre-posse-y-unidad-ciudadana-modifican-el-concejo","status":"publish","type":"post","link":"https:\/\/guiadenoticias.com.ar\/diario\/acuerdos-entre-posse-y-unidad-ciudadana-modifican-el-concejo\/","title":{"rendered":"Acuerdos entre Posse y Unidad Ciudadana modifican el Concejo"},"content":{"rendered":"<p>La vieja consigna \u201cdivide y reinar\u00e1s\u201d fue puesta en acci\u00f3n por parte del intendente Gustavo Posse y del esquema que hab\u00eda sostenido en diciembre a Carlos Castellano en la conducci\u00f3n del Concejo Deliberante de San Isidro s\u00f3lo quedan los radicales y el vecinalismo.<\/p>\n<p>El HCD volvi\u00f3 a arder este mi\u00e9rcoles debido a que el oficialismo present\u00f3 una reconfiguraci\u00f3n de las comisiones, acorde a la nueva relaci\u00f3n de fuerzas, en medio del conflicto por el despido de empleados asignados a ConVocaci\u00f3n, Unidad Ciudadana, Uni\u00f3n C\u00edvica Radical y Uni\u00f3n C\u00edvica. En ese marco aprobaron la nueva integraci\u00f3n con 17 votos, incluidos los kirchneristas.<\/p>\n<p>Como correlato, la Vicepresidencia segunda recay\u00f3 en el camporista Marcos Cianni,\u00a0 previa renuncia al cargo de la possista Elvira Ares. Tambi\u00e9n 20 de los 22 trabajadores del espacio cristinista fueron reincorporados.<\/p>\n<p>\u201cNo negociamos nada con el empleo de nuestros trabajadores\u201d, dijo luego Cianni. \u201cNada se logr\u00f3 en una mesa sino en la lucha y en la calle\u201d, celebr\u00f3 en una larga exposici\u00f3n, en la que enumer\u00f3 varios hitos de lucha en la carrera de su espacio pol\u00edtico. De todos modos, la negociaci\u00f3n a puertas cerradas resulta evidente.<\/p>\n<p>El oficialismo logr\u00f3 as\u00ed desarticular la unidad de los bloques que no apoyaron a Rol\u00f3n en diciembre. El ruido entre los \u00bfex aliados? qued\u00f3 expuesto en medio del recinto cuando Castellano y Cianni se cruzaron. El camporista reflot\u00f3 viejas denuncias que el entonces hombre de confianza de Posse le hizo en 2001 a causa de la protesta social. El radical no se qued\u00f3 callado. \u201cEn ese momento hice lo que deb\u00eda. Pero, en el \u00faltimo tiempo me distanci\u00e9 del intendente y ahora tenemos diferencias pol\u00edticas, pero no estoy enemistado con \u00e9l\u201d. Y dirigi\u00e9ndose al concejal de UC le espet\u00f3: \u201cAhora me parece que vos sos amigo del intendente\u201d.<\/p>\n<p>Acerca de las nuevas comisiones, el ex presidente del Cuerpo admiti\u00f3 que \u201chubo una puja por las autoridades del cuerpo en torno a acuerdos pol\u00edticos. En ese momento se eligieron autoridades y se respet\u00f3 la proporci\u00f3n entre los bloques\u201d. \u201cQuiz\u00e1 hubo errores, pero la proporcionalidad era mucho m\u00e1s equitativa que lo que se aprob\u00f3 hoy\u201d, se quej\u00f3.<\/p>\n<p><strong>ROSCA POR LOS CONTRATOS<\/strong><\/p>\n<p>Horas antes de que se efectuaran estos movimientos, Castellano, Cianni, Celia Sarmiento y Abella estaban en el mismo barco. Y hab\u00edan presentado una nota en la cual pidieron que se retrotraiga la baja de los trabajadores vinculados a sus bloques.<\/p>\n<p>Castellano, en cuanto a la asignaci\u00f3n de los empleados, admiti\u00f3 que \u201csiempre hubo discrecionalidad\u201d, pero \u201cnunca se sac\u00f3 a nadie como esta vez. A ciertos bloques no se les dej\u00f3 ni un empleado administrativo que atienda llamadas. Es grave, porque no es s\u00f3lo restringir sino disciplinar a concejales buenos y malos\u201d. \u201cLos derechos de los trabajadores fueron avasallados. No se respetaron los decretos de asignaci\u00f3n, no se los notific\u00f3 y tampoco se fundament\u00f3 la baja\u201d, consider\u00f3.<\/p>\n<p>\u201c\u00bfEchar todos los concejales, de algunos bloques y otros no, qu\u00e9 es sino arbitrariedad?\u201d, acus\u00f3 el ex titular del Cuerpo mirando a Rol\u00f3n. Y lanz\u00f3: \u201c\u00bfCu\u00e1l es la raz\u00f3n para que haya ediles con 0 empleados y otros con 20?\u201d.<\/p>\n<p>Sarmiento, edil de Nuevo Encuentro, recogi\u00f3 el guante. \u201cSi bien se reincorporaron a los trabajadores de UC sostenemos el reclamo, ya que se dej\u00f3 a los otros bloques sin las herramientas para representar a los vecinos\u201d.<\/p>\n<p>A su turno, la vecinalista Riganti sentenci\u00f3 a la gesti\u00f3n de Rol\u00f3n como \u201cgobierno de facto\u201d. \u201cNo reconocemos al presidente temporal porque ellos no nos reconocen como la segunda fuerza del distrito. Hab\u00edamos ganado la comisi\u00f3n de Interpretaci\u00f3n y Reglamento democr\u00e1ticamente\u201d, dispar\u00f3. ConVocaci\u00f3n se qued\u00f3 sin dirigir comisiones y sin participaci\u00f3n en las autoridades del Cuerpo.<\/p>\n<p>El possista Fontanet entendi\u00f3 que \u201ctodos fuimos parte de acuerdos circunstanciales\u201d. \u201cSon las reglas de la democracia y de las mayor\u00edas\u201d. \u201cSi el 30 de mayo se eligieron autoridades de un mismo color fue porque algunos concejales se fueron\u201d.<\/p>\n<p><strong>AMPLIACI\u00d3N PRESUPUESTARIA<\/strong><\/p>\n<p>Hacia el final de la sesi\u00f3n, el possismo present\u00f3 un dictamen de ampliaci\u00f3n presupuestaria. Fontanet justific\u00f3 la medida a partir de \u201cque el municipio viene logrando superar la meta de recaudaci\u00f3n\u201d. El destino de la ampliaci\u00f3n ser\u00e1 para contemplar una recomposici\u00f3n salarial para los trabajadores, que negociar\u00e1n en una paritaria.<\/p>\n<p>\u201cLos aumentos tienen objetivo de enfrentar al escenario inflacionario y dar herramientas para hacer frente a erogaciones como el incremento en el pago del personal, los bienes \u00fatiles y la retribuci\u00f3n de servicios que debe adquirir o contratar el municipio para su normal desenvolvimiento\u201d, expres\u00f3. La iniciativa fue aprobada por 12 manos, contra 5 abstenciones y 7 negativas.<\/p>\n","protected":false},"excerpt":{"rendered":"<p>La vieja consigna \u201cdivide y reinar\u00e1s\u201d fue puesta en acci\u00f3n por parte del intendente Gustavo Posse y del esquema que hab\u00eda sostenido en diciembre a Carlos Castellano en la conducci\u00f3n del Concejo Deliberante de San Isidro s\u00f3lo quedan los radicales y el vecinalismo. El HCD volvi\u00f3 a arder este mi\u00e9rcoles debido a que el oficialismo [&hellip;]<\/p>\n","protected":false},"author":1,"featured_media":11054,"comment_status":"closed","ping_status":"open","sticky":false,"template":"","format":"standard","meta":{"footnotes":""},"categories":[20,48,21],"tags":[],"class_list":{"0":"post-11053","1":"post","2":"type-post","3":"status-publish","4":"format-standard","5":"has-post-thumbnail","7":"category-municipios","8":"category-politica-argentina","9":"category-san-isidro"},"aioseo_notices":[],"_links":{"self":[{"href":"https:\/\/guiadenoticias.com.ar\/diario\/wp-json\/wp\/v2\/posts\/11053","targetHints":{"allow":["GET"]}}],"collection":[{"href":"https:\/\/guiadenoticias.com.ar\/diario\/wp-json\/wp\/v2\/posts"}],"about":[{"href":"https:\/\/guiadenoticias.com.ar\/diario\/wp-json\/wp\/v2\/types\/post"}],"author":[{"embeddable":true,"href":"https:\/\/guiadenoticias.com.ar\/diario\/wp-json\/wp\/v2\/users\/1"}],"replies":[{"embeddable":true,"href":"https:\/\/guiadenoticias.com.ar\/diario\/wp-json\/wp\/v2\/comments?post=11053"}],"version-history":[{"count":3,"href":"https:\/\/guiadenoticias.com.ar\/diario\/wp-json\/wp\/v2\/posts\/11053\/revisions"}],"predecessor-version":[{"id":11058,"href":"https:\/\/guiadenoticias.com.ar\/diario\/wp-json\/wp\/v2\/posts\/11053\/revisions\/11058"}],"wp:featuredmedia":[{"embeddable":true,"href":"https:\/\/guiadenoticias.com.ar\/diario\/wp-json\/wp\/v2\/media\/11054"}],"wp:attachment":[{"href":"https:\/\/guiadenoticias.com.ar\/diario\/wp-json\/wp\/v2\/media?parent=11053"}],"wp:term":[{"taxonomy":"category","embeddable":true,"href":"https:\/\/guiadenoticias.com.ar\/diario\/wp-json\/wp\/v2\/categories?post=11053"},{"taxonomy":"post_tag","embeddable":true,"href":"https:\/\/guiadenoticias.com.ar\/diario\/wp-json\/wp\/v2\/tags?post=11053"}],"curies":[{"name":"wp","href":"https:\/\/api.w.org\/{rel}","templated":true}]}}