{"id":11347,"date":"2018-08-17T02:45:14","date_gmt":"2018-08-17T05:45:14","guid":{"rendered":"http:\/\/guiadenoticias.com.ar\/diario\/?p=11347"},"modified":"2018-08-17T02:54:32","modified_gmt":"2018-08-17T05:54:32","slug":"arguello-el-movimiento-obrero-debe-ser-un-actor-politico","status":"publish","type":"post","link":"https:\/\/guiadenoticias.com.ar\/diario\/arguello-el-movimiento-obrero-debe-ser-un-actor-politico\/","title":{"rendered":"Arg\u00fcello: \u201cEl movimiento obrero debe ser un actor pol\u00edtico\u201d"},"content":{"rendered":"<p>Con un acto en el Estadio de Atlanta fue lanzado oficialmente la Multisectorial 21F, un frente transversal conformado por el sector combativo de los sindicatos afiliados a la CGT, m\u00e1s la CTA de los Trabajadores, la CTA Aut\u00f3noma y movimientos sociales. El n\u00facleo duro de este armado de impronta gremial y social es Camioneros. La protesta del 21 de febrero surgi\u00f3 como un intento de defensa a Hugo y Pablo Moyano en la puja con el Gobierno y termin\u00f3 siendo el punto de encuentro de reclamos antes dispersos.<\/p>\n<p>Octavio Arg\u00fcello, secretario General en San Mart\u00edn &#8211; Tres de Febrero y una de las caras visibles de la conformaci\u00f3n de la Multisectorial en la zona, present\u00f3 en la sede de Camioneros los \u201c21 puntos de Frente Nacional Multisectorial 21F\u201d junto a dirigentes de organizaciones sindicales, sociales y pol\u00edticas. All\u00ed sostuvo: \u201cTenemos la obligaci\u00f3n los dirigentes pol\u00edticos y gremiales de ponernos de acuerdo\u201d.<\/p>\n<p>\u00bfEl lanzamiento del Frente buscar\u00e1 demostrar fuerza ante el triunvirato que dirige la Confederaci\u00f3n Nacional del Trabajo? Arg\u00fcello sostuvo que \u201cno les queremos meter presi\u00f3n ni que haya un cambio de conducci\u00f3n\u201d. La opci\u00f3n del cambio de autoridades se discuti\u00f3 hasta junio, cuando la contundencia del paro del d\u00eda 25 pareci\u00f3 relegitimar internamente a los triunviros.<\/p>\n<p>Sin embargo, el camionero afirm\u00f3 que \u201cm\u00e1s bien necesitamos que los dirigentes est\u00e9n a la altura de las circunstancias\u201d. \u201cCuando logramos el paro del 25 acordamos que era el puntapi\u00e9 de un plan de lucha. No s\u00e9 que esperan estos muchachos, la situaci\u00f3n lejos de mejorar ha empeorado para los trabajadores y la clase media\u201d, agreg\u00f3 en relaci\u00f3n a Juan Carlos Schimd, Carlos Acu\u00f1a y H\u00e9ctor Daer.<\/p>\n<p>El referente de la regi\u00f3n noroeste tambi\u00e9n ley\u00f3 el reencuentro de Hugo Moyano con Cristina Fern\u00e1ndez de Kirchner en un acto de SMATA como \u201cuna se\u00f1al que hay que llegar a la unidad\u201d. \u201cVemos que desde el Gobierno atacan a todos, vienen por unos y luego por otros\u201d, por eso \u201cm\u00e1s all\u00e1 de que nos fuimos del kirchnerismo hace siete a\u00f1os, sabemos que debemos estar del mismo lado para enfrentar el plan de ajuste\u201d, puntualiz\u00f3 el ex diputado nacional.<\/p>\n<p>Arg\u00fcello tiene la esperanza de que el 21F se traduzca en una oferta electoral, aunque prefiri\u00f3 no adelantar definiciones al respecto. \u201cNo ser\u00e1 f\u00e1cil ser una alternativa pol\u00edtica, pero hay que trabajar. Como somos una multisectorial, lo que nos lleva a unirnos es la situaci\u00f3n social preocupante y emergente. Despu\u00e9s veremos c\u00f3mo la transformamos en una opci\u00f3n pol\u00edtica\u201d. \u201cEl movimiento obrero tiene que entender que tambi\u00e9n tiene que ser un actor pol\u00edtico\u201d, remarc\u00f3.<\/p>\n<p>\u201cTenemos la obligaci\u00f3n de trabajar fuertemente por lo que pueda pasar en el pa\u00eds. Nadie es golpista, qui\u00e9n puede creer que esto puede producir un golpe\u201d, rechaz\u00f3 ante los cuestionamientos del oficialismo. \u201cM\u00e1s golpista que los que gobiernan ahora no hubo nunca nadie; iban a golpear las puertas de los cuarteles, y ahora resulta que los sectores populares somos los que atentamos. Creo que el que se hace da\u00f1o a s\u00ed mismo es el Gobierno que toma medidas que nos llevan a una situaci\u00f3n compleja\u201d, contest\u00f3.<\/p>\n<p>\u201cNo estamos contentos con la inflaci\u00f3n, ni con el endeudamiento m\u00e1s vertiginoso de la historia, ni con que volvamos a tener un riesgo pa\u00eds como en los peores momentos. Cada d\u00eda perdemos m\u00e1s poder adquisitivo de los salarios, pero el Gobierno no le encuentra la vuelta\u201d, se quej\u00f3.<\/p>\n<p>Participaron del lanzamiento de la mesa de la Multisectorial 21F de Tres de Febrero el Sindicato de Comercio, Sindicato de Gr\u00e1ficos, UDOCBA, CTEP, Movimiento Evita; as\u00ed como dirigentes pol\u00edticos peronistas como el concejal Agust\u00edn Ciorciari y Horacio Alonso.<\/p>\n","protected":false},"excerpt":{"rendered":"<p>Con un acto en el Estadio de Atlanta fue lanzado oficialmente la Multisectorial 21F, un frente transversal conformado por el sector combativo de los sindicatos afiliados a la CGT, m\u00e1s la CTA de los Trabajadores, la CTA Aut\u00f3noma y movimientos sociales. El n\u00facleo duro de este armado de impronta gremial y social es Camioneros. La [&hellip;]<\/p>\n","protected":false},"author":1,"featured_media":11348,"comment_status":"closed","ping_status":"open","sticky":false,"template":"","format":"standard","meta":{"footnotes":""},"categories":[49,20,48,24,26],"tags":[],"class_list":{"0":"post-11347","1":"post","2":"type-post","3":"status-publish","4":"format-standard","5":"has-post-thumbnail","7":"category-economia-y-gremiales","8":"category-municipios","9":"category-politica-argentina","10":"category-san-martin","11":"category-tres-de-febrero"},"aioseo_notices":[],"_links":{"self":[{"href":"https:\/\/guiadenoticias.com.ar\/diario\/wp-json\/wp\/v2\/posts\/11347","targetHints":{"allow":["GET"]}}],"collection":[{"href":"https:\/\/guiadenoticias.com.ar\/diario\/wp-json\/wp\/v2\/posts"}],"about":[{"href":"https:\/\/guiadenoticias.com.ar\/diario\/wp-json\/wp\/v2\/types\/post"}],"author":[{"embeddable":true,"href":"https:\/\/guiadenoticias.com.ar\/diario\/wp-json\/wp\/v2\/users\/1"}],"replies":[{"embeddable":true,"href":"https:\/\/guiadenoticias.com.ar\/diario\/wp-json\/wp\/v2\/comments?post=11347"}],"version-history":[{"count":2,"href":"https:\/\/guiadenoticias.com.ar\/diario\/wp-json\/wp\/v2\/posts\/11347\/revisions"}],"predecessor-version":[{"id":11351,"href":"https:\/\/guiadenoticias.com.ar\/diario\/wp-json\/wp\/v2\/posts\/11347\/revisions\/11351"}],"wp:featuredmedia":[{"embeddable":true,"href":"https:\/\/guiadenoticias.com.ar\/diario\/wp-json\/wp\/v2\/media\/11348"}],"wp:attachment":[{"href":"https:\/\/guiadenoticias.com.ar\/diario\/wp-json\/wp\/v2\/media?parent=11347"}],"wp:term":[{"taxonomy":"category","embeddable":true,"href":"https:\/\/guiadenoticias.com.ar\/diario\/wp-json\/wp\/v2\/categories?post=11347"},{"taxonomy":"post_tag","embeddable":true,"href":"https:\/\/guiadenoticias.com.ar\/diario\/wp-json\/wp\/v2\/tags?post=11347"}],"curies":[{"name":"wp","href":"https:\/\/api.w.org\/{rel}","templated":true}]}}