{"id":11402,"date":"2018-08-23T02:04:12","date_gmt":"2018-08-23T05:04:12","guid":{"rendered":"http:\/\/guiadenoticias.com.ar\/diario\/?p=11402"},"modified":"2018-08-23T02:05:34","modified_gmt":"2018-08-23T05:05:34","slug":"los-municipales-de-vl-cerraron-aumento-del-23-por-ciento","status":"publish","type":"post","link":"https:\/\/guiadenoticias.com.ar\/diario\/los-municipales-de-vl-cerraron-aumento-del-23-por-ciento\/","title":{"rendered":"Los municipales de VL cerraron aumento del 23 por ciento"},"content":{"rendered":"<p>Finalmente, cerraron este mi\u00e9rcoles las paritarias de los trabajadores municipales de Vicente L\u00f3pez. Las autoridades del Ejecutivo y los gremios acordaron 23% de aumento al b\u00e1sico en una sola vez, en septiembre.<\/p>\n<p>Desde el Sindicato de Trabajadores Municipales de Vicente L\u00f3pez, cuyo secretario General es Victorio Pirillo, informaron en asamblea ante delegados de todos los sectores que tras la reuni\u00f3n con el secretario de Gobierno, Ennio Vittorini; el secretario de Recursos Humanos, Sergio Szlapak; y el asesor letrado, Carlos Prado, sellaron un 13 % de aumento al b\u00e1sico que sumando al 10% de adelanto, constituyen un 23% al b\u00e1sico. Asimismo, el presentismo aumenta en un 33%.<\/p>\n<p>Adem\u00e1s, desde el Ejecutivo expresaron el compromiso de mantener las fuentes de trabajo despejando as\u00ed cualquier duda sobre la reducci\u00f3n de la planta de personal.<\/p>\n<p>En la gacetilla del STMVL destacaron que \u00abel presente acuerdo abarca lo oportunamente pactado respecto al valor de las horas extras, que fueran incrementadas en un 50%. Se ratific\u00f3 continuar con los pases a planta permanente cuya n\u00f3mina de este a\u00f1o ser\u00e1 anunciada en noviembre (\u2026). Tambi\u00e9n se ratific\u00f3 el plus del 20% a los m\u00e9dicos y profesionales de la salud y el plus del 30% para el sector docente\u00bb.<\/p>\n<p>\u00abEl sindicalismo no baj\u00f3 los brazos y pele\u00f3 con altura y dignidad para conseguir estos logros dentro de la situaci\u00f3n cr\u00edtica y dura por la que pasa el mundo del trabajo\u00bb, expres\u00f3 Pirillo, y remarc\u00f3 que\u00a0\u00abel intendente Jorge Macri, en una muestra de coraje c\u00edvico, contribuy\u00f3 en la concreci\u00f3n de este logro para el sector del trabajo\u00bb.<\/p>\n","protected":false},"excerpt":{"rendered":"<p>Finalmente, cerraron este mi\u00e9rcoles las paritarias de los trabajadores municipales de Vicente L\u00f3pez. Las autoridades del Ejecutivo y los gremios acordaron 23% de aumento al b\u00e1sico en una sola vez, en septiembre. Desde el Sindicato de Trabajadores Municipales de Vicente L\u00f3pez, cuyo secretario General es Victorio Pirillo, informaron en asamblea ante delegados de todos los [&hellip;]<\/p>\n","protected":false},"author":1,"featured_media":10708,"comment_status":"closed","ping_status":"open","sticky":false,"template":"","format":"standard","meta":{"footnotes":""},"categories":[49,20,48,25],"tags":[],"class_list":{"0":"post-11402","1":"post","2":"type-post","3":"status-publish","4":"format-standard","5":"has-post-thumbnail","7":"category-economia-y-gremiales","8":"category-municipios","9":"category-politica-argentina","10":"category-vicente-lopez"},"aioseo_notices":[],"_links":{"self":[{"href":"https:\/\/guiadenoticias.com.ar\/diario\/wp-json\/wp\/v2\/posts\/11402","targetHints":{"allow":["GET"]}}],"collection":[{"href":"https:\/\/guiadenoticias.com.ar\/diario\/wp-json\/wp\/v2\/posts"}],"about":[{"href":"https:\/\/guiadenoticias.com.ar\/diario\/wp-json\/wp\/v2\/types\/post"}],"author":[{"embeddable":true,"href":"https:\/\/guiadenoticias.com.ar\/diario\/wp-json\/wp\/v2\/users\/1"}],"replies":[{"embeddable":true,"href":"https:\/\/guiadenoticias.com.ar\/diario\/wp-json\/wp\/v2\/comments?post=11402"}],"version-history":[{"count":1,"href":"https:\/\/guiadenoticias.com.ar\/diario\/wp-json\/wp\/v2\/posts\/11402\/revisions"}],"predecessor-version":[{"id":11403,"href":"https:\/\/guiadenoticias.com.ar\/diario\/wp-json\/wp\/v2\/posts\/11402\/revisions\/11403"}],"wp:featuredmedia":[{"embeddable":true,"href":"https:\/\/guiadenoticias.com.ar\/diario\/wp-json\/wp\/v2\/media\/10708"}],"wp:attachment":[{"href":"https:\/\/guiadenoticias.com.ar\/diario\/wp-json\/wp\/v2\/media?parent=11402"}],"wp:term":[{"taxonomy":"category","embeddable":true,"href":"https:\/\/guiadenoticias.com.ar\/diario\/wp-json\/wp\/v2\/categories?post=11402"},{"taxonomy":"post_tag","embeddable":true,"href":"https:\/\/guiadenoticias.com.ar\/diario\/wp-json\/wp\/v2\/tags?post=11402"}],"curies":[{"name":"wp","href":"https:\/\/api.w.org\/{rel}","templated":true}]}}