{"id":11443,"date":"2018-08-29T16:01:40","date_gmt":"2018-08-29T19:01:40","guid":{"rendered":"http:\/\/guiadenoticias.com.ar\/diario\/?p=11443"},"modified":"2018-08-29T16:01:59","modified_gmt":"2018-08-29T19:01:59","slug":"anuncio-de-macri-corrida-cambiaria-y-nuevos-paros","status":"publish","type":"post","link":"https:\/\/guiadenoticias.com.ar\/diario\/anuncio-de-macri-corrida-cambiaria-y-nuevos-paros\/","title":{"rendered":"Anuncio de Macri, corrida cambiaria y nuevos paros"},"content":{"rendered":"<p>El d\u00f3lar super\u00f3 este mi\u00e9rcoles la barrera de los 34\u00a0pesos, a pesar de los\u00a0anuncios del presidente Mauricio Macri, quien intent\u00f3 llevar tranquilidad a los mercados, en un breve mensaje en el cual habl\u00f3 del acuerdo con el Fondo Monetario Internacional.<\/p>\n<p>En medio del alza fren\u00e9tica de la divisa, el Banco Central de la Rep\u00fablica Argentina subast\u00f3 300 millones de d\u00f3lares para contener la cotizaci\u00f3n, cuando el billete verde apenas superaba los 32 pesos para la venta. La entidad que conduce Luis \u00abToto\u00bb Caputo ofreci\u00f3 300 millones de d\u00f3lares y los inversores lo compraron todo, a diferencia de los \u00faltimos d\u00edas cuando la demanda era menor a lo ofertado.<\/p>\n<p>Despu\u00e9s de cinco d\u00edas consecutivos en que la divisa cerr\u00f3 a niveles r\u00e9cord, Macri explic\u00f3 que el Gobierno acord\u00f3 un adelanto de \u00abtodos los fondos necesarios para garantizar el cumplimiento del programa financiero del a\u00f1o pr\u00f3ximo\u00bb. Por lo visto, el anuncio no alcanz\u00f3 para frenar la escalada de la divisa.<\/p>\n<p>Seg\u00fan algunos operadores, la debilidad de la lira turca y de las monedas de la regi\u00f3n (el d\u00f3lar se apreci\u00f3 un 1,3% en Brasil, un 1,7% en Colombia; y un 0,7% en Chile) ayudaron a que la moneda norteamericana mantuviera la tendencia alcista en el mercado argentino, ante la falta de credibilidad en la marcha de la econom\u00eda, con una inflaci\u00f3n alta y una tendencia recesiva del PBI. La situaci\u00f3n del d\u00f3lar en el mercado informal es todav\u00eda peor. El llamado \u2018d\u00f3lar blue\u2019 super\u00f3 la marca del oficial.<\/p>\n<p><strong>PAROS DE LA CGT Y CTA<\/strong><\/p>\n<p>Las dos CTA anunciaron un paro de 36 horas con movilizaci\u00f3n. Las centrales que conducen Hugo Yasky y Pablo Micheli har\u00e1n una huelga de 36 horas que arrancar\u00e1 el 24 de septiembre y coincidir\u00e1, al otro d\u00eda, con el paro de la CGT. A su vez, el 25 de septiembre, Macri hablar\u00e1 ante la Asamblea de las Naciones Unidas.<\/p>\n<p>Una de las principales diferencias entre la huelga anunciada por la\u00a0Confederaci\u00f3n General del Trabajo (CGT) y la medida acordada por las dos Centrales de Trabajadores de la Argentina (CTA) radica en la duraci\u00f3n, ya que el paro de la CGT es por 24 horas.<\/p>\n<p>Por otra parte, las centrales conducidas por Yasky y Micheli marchar\u00e1n a Plaza de Mayo, mientras que el anuncio de la CGT es de un \u00abparo sin movilizaci\u00f3n\u00bb.<\/p>\n","protected":false},"excerpt":{"rendered":"<p>El d\u00f3lar super\u00f3 este mi\u00e9rcoles la barrera de los 34\u00a0pesos, a pesar de los\u00a0anuncios del presidente Mauricio Macri, quien intent\u00f3 llevar tranquilidad a los mercados, en un breve mensaje en el cual habl\u00f3 del acuerdo con el Fondo Monetario Internacional. En medio del alza fren\u00e9tica de la divisa, el Banco Central de la Rep\u00fablica Argentina [&hellip;]<\/p>\n","protected":false},"author":1,"featured_media":11444,"comment_status":"closed","ping_status":"open","sticky":false,"template":"","format":"standard","meta":{"footnotes":""},"categories":[49,30,48],"tags":[],"class_list":{"0":"post-11443","1":"post","2":"type-post","3":"status-publish","4":"format-standard","5":"has-post-thumbnail","7":"category-economia-y-gremiales","8":"category-nacion","9":"category-politica-argentina"},"aioseo_notices":[],"_links":{"self":[{"href":"https:\/\/guiadenoticias.com.ar\/diario\/wp-json\/wp\/v2\/posts\/11443","targetHints":{"allow":["GET"]}}],"collection":[{"href":"https:\/\/guiadenoticias.com.ar\/diario\/wp-json\/wp\/v2\/posts"}],"about":[{"href":"https:\/\/guiadenoticias.com.ar\/diario\/wp-json\/wp\/v2\/types\/post"}],"author":[{"embeddable":true,"href":"https:\/\/guiadenoticias.com.ar\/diario\/wp-json\/wp\/v2\/users\/1"}],"replies":[{"embeddable":true,"href":"https:\/\/guiadenoticias.com.ar\/diario\/wp-json\/wp\/v2\/comments?post=11443"}],"version-history":[{"count":1,"href":"https:\/\/guiadenoticias.com.ar\/diario\/wp-json\/wp\/v2\/posts\/11443\/revisions"}],"predecessor-version":[{"id":11445,"href":"https:\/\/guiadenoticias.com.ar\/diario\/wp-json\/wp\/v2\/posts\/11443\/revisions\/11445"}],"wp:featuredmedia":[{"embeddable":true,"href":"https:\/\/guiadenoticias.com.ar\/diario\/wp-json\/wp\/v2\/media\/11444"}],"wp:attachment":[{"href":"https:\/\/guiadenoticias.com.ar\/diario\/wp-json\/wp\/v2\/media?parent=11443"}],"wp:term":[{"taxonomy":"category","embeddable":true,"href":"https:\/\/guiadenoticias.com.ar\/diario\/wp-json\/wp\/v2\/categories?post=11443"},{"taxonomy":"post_tag","embeddable":true,"href":"https:\/\/guiadenoticias.com.ar\/diario\/wp-json\/wp\/v2\/tags?post=11443"}],"curies":[{"name":"wp","href":"https:\/\/api.w.org\/{rel}","templated":true}]}}