{"id":11498,"date":"2018-09-05T02:30:10","date_gmt":"2018-09-05T05:30:10","guid":{"rendered":"http:\/\/guiadenoticias.com.ar\/diario\/?p=11498"},"modified":"2018-09-05T02:32:07","modified_gmt":"2018-09-05T05:32:07","slug":"dia-de-la-industria-con-reclamos-de-cambio-de-rumbo","status":"publish","type":"post","link":"https:\/\/guiadenoticias.com.ar\/diario\/dia-de-la-industria-con-reclamos-de-cambio-de-rumbo\/","title":{"rendered":"D\u00eda de la Industria con reclamos de cambio de rumbo"},"content":{"rendered":"<p>Con el lema \u201cIndustria nacional, trabajo argentino\u201d, el intendente Gabriel Katopodis, dirigentes y empresarios llevaron adelante un foro de trabajo en el Centro Miguelete. El jefe comunal abri\u00f3 el evento con el cual el municipio de San Mart\u00edn conmemor\u00f3 el D\u00eda de la Industria y en su discurso critic\u00f3 las medidas econ\u00f3micas anunciadas por el Gobierno para paliar la crisis cambiaria. \u201cLas decisiones que se est\u00e1n tomando van a profundizar el muy mal camino que se emprendi\u00f3 desde hace tres a\u00f1os\u201d, vaticin\u00f3.<\/p>\n<p>Sin embargo consider\u00f3 que \u201clas decisiones que nos sacar\u00e1n adelante son las que tengan a las Pymes y la industria nacional en el centro. Tenemos que volver al pa\u00eds en el que invertir, producir y trabajar sea negocio\u201d. \u201cLa agenda de la producci\u00f3n y el crecimiento debe reemplazar a la del ajuste y recorte\u201d, propuso.<\/p>\n<p>Con respecto al evento, el intendente sostuvo que \u201cnos hubiera gustado celebrar este d\u00eda con un brindis, pero necesitamos juntarnos para escucharnos y darnos \u00e1nimo\u201d.<\/p>\n<p>Los oradores invitados fueron la secretaria de Industria de La Matanza, D\u00e9bora Giorgi &#8211; quien recientemente comparti\u00f3 una actividad con el intendente en el Palacio Municipal -, el diputado del Parlasur y ex canciller, Jorge Taiana; y el diputado nacional Axel Kicillof.<\/p>\n<p>Adem\u00e1s, dijeron presente el intendente de Tigre, Julio Zamora, quien se ubic\u00f3 muy cerca de Katopodis, y el edil Hern\u00e1n Letcher, quien hizo todo lo contrario al massista.<\/p>\n<p>La presencia de estos referentes pol\u00edticos en una misma mesa es una se\u00f1al m\u00e1s que indica que el intendente busca mostrarse como alguien que re\u00fane diversas expresiones del peronismo. A su vez reafirma su acercamiento al sector dirigido por CFK.<\/p>\n<p><strong>CAMBIO DE RUMBO<\/strong><\/p>\n<p>Taiana rechaz\u00f3 las medidas anunciadas por el ministro de Econom\u00eda, Nicol\u00e1s Dujovne. \u201cNo est\u00e1 el acento puesto en la producci\u00f3n y el trabajo. Si las autoridades nacionales no ponen el acento all\u00ed, debemos unirnos, organizarnos, defender la industria y se\u00f1alar el rumbo correcto\u201d. A su vez destac\u00f3 a los empresarios industriales por \u201ctener la empresa abierta, defender los puestos de trabajo, tratar de cumplir y no quedar tapados por deudas y falta de cr\u00e9dito\u201d. Y les pidi\u00f3 construir un movimiento multisectorial que \u201csalga de lo pol\u00edtico\u201d. \u201cNo podemos esperar, nos tenemos que mover construyendo una fuerza social que modifique la actual correlaci\u00f3n de fuerzas\u201d.<\/p>\n<p>Por su parte, Giorgi tild\u00f3 a la pol\u00edtica econ\u00f3mica del macrismo como \u201cindustricida\u201d. \u201cHay que cambiar el rumbo 180 grados, y reinstalar la necesidad de una Argentina que genere valor agregado. Eso implica crear trabajo, tener soberan\u00eda tecnol\u00f3gica, democracia plena y sustentable en igualdad de oportunidades\u201d. La funcionaria matancera y ex ministra de la cartera industrial en el gobierno de Cristina Fern\u00e1ndez sostuvo al igual que los anteriores oradores la necesidad de \u201cconstruir un programa de desarrollo nacional y provincial, donde participen empresarios, trabajadores, universidades, los cient\u00edficos, la iglesia y los peque\u00f1os y medianos productores rurales\u201d.<\/p>\n<p>Compartieron tambi\u00e9n la mesa de di\u00e1logo representantes cient\u00edficos de la UNSAM, trabajadores del INTI y referentes de sectores industriales locales, as\u00ed como el secretario de Producci\u00f3n local, Alejandro Tsolis, y el presidente del Concejo Deliberante, Diego Perrella.<\/p>\n","protected":false},"excerpt":{"rendered":"<p>Con el lema \u201cIndustria nacional, trabajo argentino\u201d, el intendente Gabriel Katopodis, dirigentes y empresarios llevaron adelante un foro de trabajo en el Centro Miguelete. El jefe comunal abri\u00f3 el evento con el cual el municipio de San Mart\u00edn conmemor\u00f3 el D\u00eda de la Industria y en su discurso critic\u00f3 las medidas econ\u00f3micas anunciadas por el [&hellip;]<\/p>\n","protected":false},"author":1,"featured_media":11499,"comment_status":"closed","ping_status":"open","sticky":false,"template":"","format":"standard","meta":{"footnotes":""},"categories":[49,20,48,24],"tags":[],"class_list":{"0":"post-11498","1":"post","2":"type-post","3":"status-publish","4":"format-standard","5":"has-post-thumbnail","7":"category-economia-y-gremiales","8":"category-municipios","9":"category-politica-argentina","10":"category-san-martin"},"aioseo_notices":[],"_links":{"self":[{"href":"https:\/\/guiadenoticias.com.ar\/diario\/wp-json\/wp\/v2\/posts\/11498","targetHints":{"allow":["GET"]}}],"collection":[{"href":"https:\/\/guiadenoticias.com.ar\/diario\/wp-json\/wp\/v2\/posts"}],"about":[{"href":"https:\/\/guiadenoticias.com.ar\/diario\/wp-json\/wp\/v2\/types\/post"}],"author":[{"embeddable":true,"href":"https:\/\/guiadenoticias.com.ar\/diario\/wp-json\/wp\/v2\/users\/1"}],"replies":[{"embeddable":true,"href":"https:\/\/guiadenoticias.com.ar\/diario\/wp-json\/wp\/v2\/comments?post=11498"}],"version-history":[{"count":1,"href":"https:\/\/guiadenoticias.com.ar\/diario\/wp-json\/wp\/v2\/posts\/11498\/revisions"}],"predecessor-version":[{"id":11500,"href":"https:\/\/guiadenoticias.com.ar\/diario\/wp-json\/wp\/v2\/posts\/11498\/revisions\/11500"}],"wp:featuredmedia":[{"embeddable":true,"href":"https:\/\/guiadenoticias.com.ar\/diario\/wp-json\/wp\/v2\/media\/11499"}],"wp:attachment":[{"href":"https:\/\/guiadenoticias.com.ar\/diario\/wp-json\/wp\/v2\/media?parent=11498"}],"wp:term":[{"taxonomy":"category","embeddable":true,"href":"https:\/\/guiadenoticias.com.ar\/diario\/wp-json\/wp\/v2\/categories?post=11498"},{"taxonomy":"post_tag","embeddable":true,"href":"https:\/\/guiadenoticias.com.ar\/diario\/wp-json\/wp\/v2\/tags?post=11498"}],"curies":[{"name":"wp","href":"https:\/\/api.w.org\/{rel}","templated":true}]}}