{"id":11510,"date":"2018-09-07T20:16:58","date_gmt":"2018-09-07T23:16:58","guid":{"rendered":"http:\/\/guiadenoticias.com.ar\/diario\/?p=11510"},"modified":"2018-09-07T20:17:15","modified_gmt":"2018-09-07T23:17:15","slug":"horacio-garcia-la-crisis-viene-fuerte-en-los-proximos-meses","status":"publish","type":"post","link":"https:\/\/guiadenoticias.com.ar\/diario\/horacio-garcia-la-crisis-viene-fuerte-en-los-proximos-meses\/","title":{"rendered":"Horacio Garc\u00eda: \u201cLa crisis viene fuerte en los pr\u00f3ximos meses\u201d"},"content":{"rendered":"<p>Desde el Sindicato de Empleados de Comercio (SEC) que tiene base en San Mart\u00edn y abarca ocho municipios, Horacio Garc\u00eda representa un referente gremial y pol\u00edtico en la zona. Desde el a\u00f1o pasado, adem\u00e1s, uno de los secretarios generales de la CGT Regional.<\/p>\n<p>El actual secretario de Organizaci\u00f3n del SEC, y hombre de consulta de intendentes y dirigentes partidarios y sindicales, en una charla con Gu\u00eda de Noticas desmenuz\u00f3 parte de la coyuntura nacional. \u201cCuanto m\u00e1s grande me pongo, menos correcci\u00f3n pol\u00edtica tengo\u201d, advirti\u00f3.<\/p>\n<p><strong>\u00bfC\u00f3mo afecta a su gremio esta crisis?<\/strong><\/p>\n<p>Dije tiempo atr\u00e1s que la crisis hab\u00eda empezado por el sector industrial manufacturero de manera muy fuerte,\u00a0 y que en Comercio no padec\u00edamos un golpe tan grande, porque si bien hab\u00eda una merma en el consumo tambi\u00e9n la gente pas\u00f3 de los supermercados a los minoristas o comercios de proximidad, y se volc\u00f3 a las segundas marcas y ofertas. Pero, como ahora la ca\u00edda es m\u00e1s acentuada, empezamos a preocuparnos. Por ejemplo estoy con un procedimiento preventivo de crisis en Carrefour, que por ahora se maneja con retiros voluntarios al 150%. Y en la cadena se me fueron cinco o seis empleados por local. Y en nuestra zona cierran comercios emblem\u00e1ticos como Kevingstone de Villa Ballester. Es preocupante porque se suman la presi\u00f3n tributaria, el alza de los servicios y la merma del consumo. Los pr\u00f3ximos meses la crisis viene fuerte.<\/p>\n<p><strong>\u00bfEl gremio plantea adelantar la renegociaci\u00f3n de salarios?<\/strong><\/p>\n<p>Cerramos el 15%, y cuando Camioneros hizo punta con un 25% nos volvimos a sentar y sacamos un 10%. Pero siempre corremos detr\u00e1s de la inflaci\u00f3n. Calculo entonces que la Federaci\u00f3n (de Empleados de Comercio) tendr\u00e1 que presionar para volver a sentarnos y actualizar los salarios. El b\u00e1sico de un empleado de comercio es 21 mil pesos de convenio, que qued\u00f3 totalmente desactualizado.<\/p>\n<p><strong>La CGT convoca a un paro para el 25 de este mes. \u00bfLas organizaciones deben apretar el acelerador y ser combativas? \u00bfO es momento de dialogar y no agitar?<\/strong><\/p>\n<p>El triunvirato nacional fue muy criticado, pero yo prefiero no criticar a los dirigentes que est\u00e1n arriba, aunque a veces no comparta sus ideas. S\u00ed creo que los compa\u00f1eros tienen que llegar a acuerdos, ni el di\u00e1logo absoluto ni la confrontaci\u00f3n absoluta. No se puede cerrar todas las puertas. Por eso, en la regional de San Mart\u00edn tratamos de cerrar filas aunque no pensemos igual en todo. No vamos a desperdiciar la unidad.<\/p>\n<p><strong>\u00bfC\u00f3mo observa los acercamientos entre el sector de Moyano y la pol\u00edtica? Por caso mantuvo en estos d\u00edas una reuni\u00f3n con intendentes peronistas de todo el pa\u00eds.<\/strong><\/p>\n<p>Moyano es un hombre pol\u00edtico, por l\u00f3gica est\u00e1 tejiendo con parte del peronismo. Tambi\u00e9n junta masa cr\u00edtica para unificar reclamos.<\/p>\n<p><strong>\u00bfCree plausible el entendimiento entre la CGT, por medio de Moyano, las CTA y los movimientos sociales?<\/strong><\/p>\n<p>La CTA es una organizaci\u00f3n que se cre\u00f3 cuando algunos compa\u00f1eros no estuvieron de acuerdo con la CGT. Por otro lado, los movimientos sociales o piqueteros cumplen una funci\u00f3n que no es la de un sindicato. Son intermediarios en la ayuda social. Por mi parte creo en incluir a la gente en el sistema, para que tenga un sueldo en blanco, jubilaci\u00f3n y un proyecto de vida.<\/p>\n<p><strong>En un acto por el D\u00eda de la Industria en San Mart\u00edn se pidi\u00f3 un cambio de rumbo para el desarrollo productivo. \u00bfCoincide con dicha solicitud?<\/strong><\/p>\n<p>No veo rumbo m\u00e1s all\u00e1 del problema de la falta de divisas. No hay un plan de desarrollo que aliente nuevos emprendedores, a poner en marcha la capacidad ociosa de las industrias y a que se genere empleo. Si nos seguimos endeudando sin generar divisas genuinamente, lo \u00fanico que se acumula es deuda. Hay que proteger a los que generan divisas y empleo que son las industrias. Carri\u00f3 dijo que hay luz al final del t\u00fanel. Yo no lo s\u00e9, pero no pierdo las esperanzas.<\/p>\n<p><strong>DEFINICI\u00d3N ENTRE JUSTICIALISTAS<\/strong><\/p>\n<p>Peronista, Horacio Garc\u00eda nunca report\u00f3 a las filas del kirchnerismo, y le hizo frente electoralmente, la \u00faltima vez en 2011. Tambi\u00e9n colabor\u00f3 en el armado de Sergio Massa y actualmente se entusiasma con una corriente pejotista que de vuelta la p\u00e1gina de la era K. Sostiene que los votos que pierde Cambiemos encontrar\u00e1n cobijo en una vertiente moderada del PJ.<\/p>\n<p><strong>\u00bfEl peronismo ofrece una alternativa de desarrollo?<\/strong><\/p>\n<p>Escucho \u201ccon Cristina sola no se gana, sin Cristina no se puede\u201d. Esl\u00f3ganes de estos d\u00edas. Hay un atisbo de movimiento que se arma con los gobernadores, los intendentes y Massa. Y ya no hay m\u00e1s cucos. El oficialismo pierde caudales de votos en cada medida que toma. Entonces, cuando llegue 2019 puede darse una definici\u00f3n entre Unidad Ciudadana y otro peronismo, aunque no hay a\u00fan nada constituido.<\/p>\n","protected":false},"excerpt":{"rendered":"<p>Desde el Sindicato de Empleados de Comercio (SEC) que tiene base en San Mart\u00edn y abarca ocho municipios, Horacio Garc\u00eda representa un referente gremial y pol\u00edtico en la zona. Desde el a\u00f1o pasado, adem\u00e1s, uno de los secretarios generales de la CGT Regional. El actual secretario de Organizaci\u00f3n del SEC, y hombre de consulta de [&hellip;]<\/p>\n","protected":false},"author":1,"featured_media":11511,"comment_status":"closed","ping_status":"open","sticky":false,"template":"","format":"standard","meta":{"footnotes":""},"categories":[49,20,48,24],"tags":[],"class_list":{"0":"post-11510","1":"post","2":"type-post","3":"status-publish","4":"format-standard","5":"has-post-thumbnail","7":"category-economia-y-gremiales","8":"category-municipios","9":"category-politica-argentina","10":"category-san-martin"},"aioseo_notices":[],"_links":{"self":[{"href":"https:\/\/guiadenoticias.com.ar\/diario\/wp-json\/wp\/v2\/posts\/11510","targetHints":{"allow":["GET"]}}],"collection":[{"href":"https:\/\/guiadenoticias.com.ar\/diario\/wp-json\/wp\/v2\/posts"}],"about":[{"href":"https:\/\/guiadenoticias.com.ar\/diario\/wp-json\/wp\/v2\/types\/post"}],"author":[{"embeddable":true,"href":"https:\/\/guiadenoticias.com.ar\/diario\/wp-json\/wp\/v2\/users\/1"}],"replies":[{"embeddable":true,"href":"https:\/\/guiadenoticias.com.ar\/diario\/wp-json\/wp\/v2\/comments?post=11510"}],"version-history":[{"count":1,"href":"https:\/\/guiadenoticias.com.ar\/diario\/wp-json\/wp\/v2\/posts\/11510\/revisions"}],"predecessor-version":[{"id":11512,"href":"https:\/\/guiadenoticias.com.ar\/diario\/wp-json\/wp\/v2\/posts\/11510\/revisions\/11512"}],"wp:featuredmedia":[{"embeddable":true,"href":"https:\/\/guiadenoticias.com.ar\/diario\/wp-json\/wp\/v2\/media\/11511"}],"wp:attachment":[{"href":"https:\/\/guiadenoticias.com.ar\/diario\/wp-json\/wp\/v2\/media?parent=11510"}],"wp:term":[{"taxonomy":"category","embeddable":true,"href":"https:\/\/guiadenoticias.com.ar\/diario\/wp-json\/wp\/v2\/categories?post=11510"},{"taxonomy":"post_tag","embeddable":true,"href":"https:\/\/guiadenoticias.com.ar\/diario\/wp-json\/wp\/v2\/tags?post=11510"}],"curies":[{"name":"wp","href":"https:\/\/api.w.org\/{rel}","templated":true}]}}