{"id":11526,"date":"2018-09-09T21:37:23","date_gmt":"2018-09-10T00:37:23","guid":{"rendered":"http:\/\/guiadenoticias.com.ar\/diario\/?p=11526"},"modified":"2018-09-09T21:37:42","modified_gmt":"2018-09-10T00:37:42","slug":"debaten-emergencia-educativa-economica-y-social-en-ituzaingo","status":"publish","type":"post","link":"https:\/\/guiadenoticias.com.ar\/diario\/debaten-emergencia-educativa-economica-y-social-en-ituzaingo\/","title":{"rendered":"Debaten Emergencia Educativa, Econ\u00f3mica y Social en Ituzaing\u00f3"},"content":{"rendered":"<p>\u201cNadie quiere que el Conurbano explote. Menos a nosotros, porque si se prende la mecha vienen ac\u00e1 a patear la puerta\u201d, deslizan desde las oficinas del descalcismo.<\/p>\n<p>Tras semanas agitadas, el Ejecutivo de Ituzaing\u00f3 acelera la declaraci\u00f3n de \u201cEmergencia Educativa, Econ\u00f3mica, Social y Alimentaria\u201d. Aseguran funcionarios que el proyecto fue incub\u00e1ndose desde julio, y que la crisis escolar y el alza del costo de vida de agosto terminaron de empujarlo.<\/p>\n<p>Pablo Piana, presidente del Concejo Deliberante, destac\u00f3 ante Gu\u00eda de Noticias que el objetivo es \u201cir adecuando el presupuesto local y los ingresos que el municipio tiene al nuevo escenario, que no estaba previsto\u201d. El proyecto, con dictamen de las comisiones de Legislaci\u00f3n General y Econom\u00eda y Hacienda, sostiene que el Ejecutivo deber\u00e1 tomar medidas para paliar la crisis. Y a fin de lograrlo prev\u00e9 erogaciones extraordinarias para brindar asistencia alimentaria, invertir en infraestructura escolar para normalizar las clases y proveer servicios sanitarios.<\/p>\n<p>\u201cY se conformar\u00e1 una mesa integrada por todos los sectores de la comunidad, que realizar\u00e1 un diagn\u00f3stico permanente y dise\u00f1ar\u00e1 las pol\u00edticas\u201d, destac\u00f3 el edil oficialista.<\/p>\n<p>\u201cHerramientas como estas son necesarias para que Ituzaing\u00f3 pase la crisis. Permitir\u00e1n que el intendente destine m\u00e1s ayuda alimentaria y escolar, para que nuestros barrios no exploten\u201d, dispar\u00f3 Piana.<\/p>\n<p><strong>B\u00daSQUEDA DE CONSENSO<\/strong><\/p>\n<p>El bloque \u00a0PJ &#8211; Frente para la Victoria sabe que no cuenta con qu\u00f3rum y en el recinto precisar\u00e1 el pr\u00f3ximo mi\u00e9rcoles el aporte de otros espacios para aprobar dicha Ordenanza. \u201cTratamos de conformar un pedido de emergencia que tenga el consenso de todos los bloques pol\u00edticos\u201d, afirm\u00f3 Piana, y concedi\u00f3 que \u201ctambi\u00e9n se deben establecer los controles pertinentes, m\u00e1s all\u00e1 del Tribunal de Cuentas\u201d.<\/p>\n<p>Para la aprobaci\u00f3n, Descalz\u00f3 necesitar\u00eda las manos de Carlos Acu\u00f1a (FR) y Roberto Altarrui (Frente Renovador Independiente). Como muestra de su voto, Acu\u00f1a rescat\u00f3 la \u201cdecisi\u00f3n pol\u00edtica\u201d del oficialismo. \u201cEl municipio tendr\u00e1 que hacer un esfuerzo. La situaci\u00f3n actual, social y econ\u00f3mica, lo amerita\u201d, a\u00f1adi\u00f3.<\/p>\n<p>Pero existen condiciones: \u201cHabr\u00e1 que trabajar la Ordenanza, porque no tiene plazos, no especifica porcentajes estimativos, ni tampoco establece una comisi\u00f3n de seguimiento y control, que es uno de los instrumentos que permiten corroborar que se gaste como corresponde y lleguen a destino los recursos\u201d.<\/p>\n<p>El sindicalista compar\u00f3 el pedido del DE local con la emergencia solicitada por Vidal. \u201cEs sumamente l\u00f3gico lo que planteamos. De hecho votamos a nivel provincial una emergencia econ\u00f3mica, en la que se ponen plazos y t\u00e9rminos m\u00e1ximos en los recursos. Y se genera un \u00f3rgano bicameral que controlar\u00e1 esos gastos\u201d.<\/p>\n<p><strong>CAMBIEMOS, EN CONTRA<\/strong><\/p>\n<p>Consulado sobre si el proyecto ser\u00e1 votado por unanimidad, Pablo Piana abri\u00f3 el paraguas y envi\u00f3 un mensaje a Cambiemos. \u201cEl gobierno provincial nos reclama gobernabilidad al peronismo, que demos herramientas a la gobernadora y que ayudemos a contener la conflictividad. Del mismo modo, le pedimos a los sectores de Cambiemos que apoyen esta medida\u201d.<\/p>\n<p>Sin embargo, desde la vereda macrista acusaron al oficialismo de \u201cpreocuparse m\u00e1s por sacar ventaja pol\u00edtica que por encontrar soluciones\u201d. Gast\u00f3n Di Castelnuovo, presidente de esa bancada, advirti\u00f3 que \u201cuna vez m\u00e1s se quiere sacar r\u00e9dito con las necesidades de la gente. Nosotros no estamos de acuerdo\u201d.<\/p>\n<p>El dirigente admiti\u00f3 \u201cel dif\u00edcil momento\u201d y que \u201ctodos los vecinos hacen un gran esfuerzo\u201d. \u201cRecorremos merenderos, instituciones y las casas de los vecinos. Tenemos la certeza que tanto de parte de Provincia como de Naci\u00f3n se ocupan de hacerles llegar ayuda\u201d.<\/p>\n<p><strong>RECLAMO DE MOVIMIENTOS SOCIALES<\/strong><\/p>\n<p>Por otro lado, las organizaciones sociales, que estaban quedando afuera del debate, forzaron su ingreso en la futura Mesa de Di\u00e1logo. Advertidos que el proyecto avanzaba, Barrios de Pie y la CTEP salieron a la calle y reclamaron ser reconocidos en la discusi\u00f3n. El ex concejal de Libres del Sur Nahuel Segovia fue uno de los que encabez\u00f3 la movilizaci\u00f3n, que fue recibida por las autoridades del Concejo Deliberante.<\/p>\n<p>Andrea Vanuffelen, referente de Barrios de Pie, mencion\u00f3 que el encuentro con Piana fue positivo. \u201cAcept\u00f3 que cometieron un error al no incluirnos. Y acordamos que nos incluyan en una mesa de di\u00e1logo\u201d.<\/p>\n<p>Y defendi\u00f3 a las organizaciones al sostener que \u201ccaminamos las calles y tenemos nuestras ideas\u201d. A su vez exigi\u00f3 \u201c20% de la obra p\u00fablica\u201d, pidi\u00f3 cubrir las necesidades de los comedores sociales y un reconocimiento econ\u00f3mico a las cooperativas.<\/p>\n","protected":false},"excerpt":{"rendered":"<p>\u201cNadie quiere que el Conurbano explote. Menos a nosotros, porque si se prende la mecha vienen ac\u00e1 a patear la puerta\u201d, deslizan desde las oficinas del descalcismo. Tras semanas agitadas, el Ejecutivo de Ituzaing\u00f3 acelera la declaraci\u00f3n de \u201cEmergencia Educativa, Econ\u00f3mica, Social y Alimentaria\u201d. Aseguran funcionarios que el proyecto fue incub\u00e1ndose desde julio, y que [&hellip;]<\/p>\n","protected":false},"author":1,"featured_media":11527,"comment_status":"closed","ping_status":"open","sticky":false,"template":"","format":"standard","meta":{"footnotes":""},"categories":[49,29,20,48],"tags":[],"class_list":{"0":"post-11526","1":"post","2":"type-post","3":"status-publish","4":"format-standard","5":"has-post-thumbnail","7":"category-economia-y-gremiales","8":"category-ituzaingo","9":"category-municipios","10":"category-politica-argentina"},"aioseo_notices":[],"_links":{"self":[{"href":"https:\/\/guiadenoticias.com.ar\/diario\/wp-json\/wp\/v2\/posts\/11526","targetHints":{"allow":["GET"]}}],"collection":[{"href":"https:\/\/guiadenoticias.com.ar\/diario\/wp-json\/wp\/v2\/posts"}],"about":[{"href":"https:\/\/guiadenoticias.com.ar\/diario\/wp-json\/wp\/v2\/types\/post"}],"author":[{"embeddable":true,"href":"https:\/\/guiadenoticias.com.ar\/diario\/wp-json\/wp\/v2\/users\/1"}],"replies":[{"embeddable":true,"href":"https:\/\/guiadenoticias.com.ar\/diario\/wp-json\/wp\/v2\/comments?post=11526"}],"version-history":[{"count":1,"href":"https:\/\/guiadenoticias.com.ar\/diario\/wp-json\/wp\/v2\/posts\/11526\/revisions"}],"predecessor-version":[{"id":11528,"href":"https:\/\/guiadenoticias.com.ar\/diario\/wp-json\/wp\/v2\/posts\/11526\/revisions\/11528"}],"wp:featuredmedia":[{"embeddable":true,"href":"https:\/\/guiadenoticias.com.ar\/diario\/wp-json\/wp\/v2\/media\/11527"}],"wp:attachment":[{"href":"https:\/\/guiadenoticias.com.ar\/diario\/wp-json\/wp\/v2\/media?parent=11526"}],"wp:term":[{"taxonomy":"category","embeddable":true,"href":"https:\/\/guiadenoticias.com.ar\/diario\/wp-json\/wp\/v2\/categories?post=11526"},{"taxonomy":"post_tag","embeddable":true,"href":"https:\/\/guiadenoticias.com.ar\/diario\/wp-json\/wp\/v2\/tags?post=11526"}],"curies":[{"name":"wp","href":"https:\/\/api.w.org\/{rel}","templated":true}]}}