{"id":11557,"date":"2018-09-13T02:05:10","date_gmt":"2018-09-13T05:05:10","guid":{"rendered":"http:\/\/guiadenoticias.com.ar\/diario\/?p=11557"},"modified":"2018-09-13T02:05:29","modified_gmt":"2018-09-13T05:05:29","slug":"las-tensiones-internas-de-las-dos-cta-san-martin-3f","status":"publish","type":"post","link":"https:\/\/guiadenoticias.com.ar\/diario\/las-tensiones-internas-de-las-dos-cta-san-martin-3f\/","title":{"rendered":"Las tensiones internas de las dos CTA San Mart\u00edn &#8211; 3F"},"content":{"rendered":"<p>En las marchas todos cantan \u201cunidad de los trabajadores\/ y al que no le gusta, se jode, se jode\u201d. Pero, las dos CTA (Central de Trabajadores de Argentina) atraviesan semanas en las que cobraron visibilidad las divisiones internas que albergan hace tiempo.<\/p>\n<p>Tanto la central conducida por Hugo Yasky, CTA de los Trabajadores, como la que encabeza hasta ahora por Pablo Micheli, CTA Aut\u00f3noma, sufrieron procesos electorales signados por acusaciones de fraude y manipulaci\u00f3n, tanto a nivel nacional como en la regi\u00f3n San Mart\u00edn &#8211; Tres de Febrero. A pesar de que lograron organizarse y movilizarse contra las pol\u00edticas de Cambiemos, no resuelven sus internas y ponen en riesgo el procesos de unidad.<\/p>\n<p><strong>CTA DE LOS TRABAJADORES: ELECCIONES BAJO LA LUPA<\/strong><\/p>\n<p>El pasado jueves 6, en todo el territorio nacional se realiz\u00f3 el acto eleccionario de la CTA de los Trabajadores para designar la Comisi\u00f3n Ejecutiva Nacional, congresales nacionales y las mesas de conducci\u00f3n provinciales y regionales. La lista celeste, encabezada por Hugo Yasky y Roberto Baradel, fue amplia ganadora. Bajo esa l\u00ednea, Carlos Carpio, de Suteba SM-3F, gan\u00f3 la Secretaria General local. Desde su sector informaron que la Lista 10 \u201cUnidad de los Trabajadores\u201d se llev\u00f3\u00a0 668 votos; 132 votos la Lista 6 Multicolor; y 115 la Lista 9 Marr\u00f3n.<\/p>\n<p>\u201cEste comicio habla de que somos una central en la cual los dirigentes son electos por sufragio directo de los afiliados y que ac\u00e1 la democracia se practica\u201d, sostuvo el flamante titular ante la consulta de Gu\u00eda de Noticias. \u201cEn el marco de un gobierno que asume con propuestas de mejor vida, pero que luego se transforma en todo lo contrario, para nosotros este voto es por la unidad de los trabajadores, de los sindicatos en defensa de nuestros derechos y para detener la embestida neoliberal\u201d, se explay\u00f3.<\/p>\n<p>Pero, desde las agrupaciones clasistas pusieron el grito en el cielo e impugnaron el acto electoral por \u201cfraudulento\u201d. La Lista 6 Multicolor present\u00f3 a Milton Gauna como secretario General. Para Gabriela Dahlmann, apoderada de este espacio, \u201clas elecciones no fueron transparentes, sino te\u00f1idas de principio a fin por un fraude electoral escandaloso\u201d. \u201cNo recibimos con tiempo el padr\u00f3n de cada mesa, de modo que no pudimos chequear si las personas inscriptas son afiliadas. Sino que 48 horas antes del acto los padrones fueron exhibidos en la sede de Suteba San Mart\u00edn-Tres de Febrero. All\u00ed, compa\u00f1eros de estos distritos se encontraron con que deb\u00edan votar en Jun\u00edn o en lugares lejanos. Y tambi\u00e9n dos urnas no informadas con anterioridad se habilitaron el d\u00eda de elecci\u00f3n en la sede del sindicato\u201d, enumer\u00f3.<\/p>\n<p>Dahlmann destac\u00f3 que una agrupaci\u00f3n, acompa\u00f1ada por la barra brava de Chacarita, forz\u00f3 la inscripci\u00f3n de m\u00e1s de 200 personas a un padr\u00f3n complementario. La dirigente asegur\u00f3 que metodolog\u00edas similares se replicaron en todas las regiones y por eso impugnaron el comicio ante la Justicia Electoral nacional. Consultado acerca de estas denuncias, Carpio contest\u00f3 que \u201ccomo no pueden explicar la derrota, buscan el falso relato del fraude\u201d.<\/p>\n<p><strong>LA CTA-A CRUJE<\/strong><\/p>\n<p>El destino de la CTA Aut\u00f3noma es incierto, aunque sus dirigentes negaron que pueda haber una fractura. Micheli y Godoy, del ri\u00f1\u00f3n de V\u00edctor de Gennaro, realizaron elecciones paralelas, se reconocen como ganadores y desconocen los comicios del rival. El ex Ministerio de Trabajo de Naci\u00f3n, devenido secretar\u00eda, tiene en sus manos los reclamos de ambos sectores y los dirigentes prometen llegar hasta las \u00faltimas consecuencias en la Justicia.<\/p>\n<p>A nivel San Mart\u00edn -Tres de Febrero las elecciones del 28 de junio dieron ganadora a la lista 1 Germ\u00e1n Abdala (de Micheli) que llev\u00f3 como candidatos a Miguel Vale como secretario General y Ailin Pappano Abraham secretaria Adjunta. Pappano, quien integra la mesa local de la Multisectorial 21F en nombre de la CTA-A, se defendi\u00f3 ante Gu\u00eda de Noticias. \u201cLa representaci\u00f3n de la central local la tenemos nosotros. La gan\u00f3 nuestra lista. La conducci\u00f3n nacional no reconoce en la regi\u00f3n a otra\u201d. Y asegur\u00f3 que \u201cmientras Micheli conduzca, la organizaci\u00f3n no se rompe\u201d.<\/p>\n<p>Una alto dirigente de ATE explic\u00f3 en off que las diferencias entre Micheli y el sector de V\u00edctor De Gennaro vienen desde cuando ambos rivalizaban en el seno de los estatales, el gremio que sostiene y financia a la Aut\u00f3noma desde su constituci\u00f3n en 2010. Pero, la determinaci\u00f3n del michelismo de articular un frente combativo a Cambiemos, que deriv\u00f3 en el 21F,\u00a0 fue la gota que rebals\u00f3 el vaso.<\/p>\n<p>La l\u00ednea referenciada en el titular de ATE nacional Hugo \u201cCachorro\u201d Godoy y De Gennaro se rebel\u00f3, ya que es reacia a unirse con el kirchnerismo y los Moyano, e inici\u00f3 una escalada contra el oficialismo de su central. Consolid\u00f3 su poder en Buenos Aires, le quit\u00f3 el financiamiento a la CTA-A, desconoci\u00f3 el comicio del 28 de junio y llam\u00f3 a otro el 8 de agosto.<\/p>\n<p>En San Mart\u00edn &#8211; Tres de Febrero, Pablo Puebla de Organizaciones Libres del Pueblo se alz\u00f3 con el triunfo en esas elecciones. Al ser consultado por este portal sobre su legitimidad, el dirigente decidi\u00f3 no agudizar el conflicto interno. \u201cPrefiero hablar de la situaci\u00f3n econ\u00f3mica del pa\u00eds, que esta semana tendr\u00e1 una movilizaci\u00f3n muy fuerte en contra de las pol\u00edticas del Gobierno\u201d, prioriz\u00f3.<\/p>\n<p>Como colof\u00f3n, Godoy dio por finalizada la licencia sindical que detentaba Micheli y deber\u00eda regresar a su puesto laboral en SENASA. En el oficialismo de la central acusan al titular de ATE de ser funcional al macrismo.<\/p>\n","protected":false},"excerpt":{"rendered":"<p>En las marchas todos cantan \u201cunidad de los trabajadores\/ y al que no le gusta, se jode, se jode\u201d. Pero, las dos CTA (Central de Trabajadores de Argentina) atraviesan semanas en las que cobraron visibilidad las divisiones internas que albergan hace tiempo. Tanto la central conducida por Hugo Yasky, CTA de los Trabajadores, como la [&hellip;]<\/p>\n","protected":false},"author":1,"featured_media":11558,"comment_status":"closed","ping_status":"open","sticky":false,"template":"","format":"standard","meta":{"footnotes":""},"categories":[49,20,48,24,26],"tags":[],"class_list":{"0":"post-11557","1":"post","2":"type-post","3":"status-publish","4":"format-standard","5":"has-post-thumbnail","7":"category-economia-y-gremiales","8":"category-municipios","9":"category-politica-argentina","10":"category-san-martin","11":"category-tres-de-febrero"},"aioseo_notices":[],"_links":{"self":[{"href":"https:\/\/guiadenoticias.com.ar\/diario\/wp-json\/wp\/v2\/posts\/11557","targetHints":{"allow":["GET"]}}],"collection":[{"href":"https:\/\/guiadenoticias.com.ar\/diario\/wp-json\/wp\/v2\/posts"}],"about":[{"href":"https:\/\/guiadenoticias.com.ar\/diario\/wp-json\/wp\/v2\/types\/post"}],"author":[{"embeddable":true,"href":"https:\/\/guiadenoticias.com.ar\/diario\/wp-json\/wp\/v2\/users\/1"}],"replies":[{"embeddable":true,"href":"https:\/\/guiadenoticias.com.ar\/diario\/wp-json\/wp\/v2\/comments?post=11557"}],"version-history":[{"count":1,"href":"https:\/\/guiadenoticias.com.ar\/diario\/wp-json\/wp\/v2\/posts\/11557\/revisions"}],"predecessor-version":[{"id":11559,"href":"https:\/\/guiadenoticias.com.ar\/diario\/wp-json\/wp\/v2\/posts\/11557\/revisions\/11559"}],"wp:featuredmedia":[{"embeddable":true,"href":"https:\/\/guiadenoticias.com.ar\/diario\/wp-json\/wp\/v2\/media\/11558"}],"wp:attachment":[{"href":"https:\/\/guiadenoticias.com.ar\/diario\/wp-json\/wp\/v2\/media?parent=11557"}],"wp:term":[{"taxonomy":"category","embeddable":true,"href":"https:\/\/guiadenoticias.com.ar\/diario\/wp-json\/wp\/v2\/categories?post=11557"},{"taxonomy":"post_tag","embeddable":true,"href":"https:\/\/guiadenoticias.com.ar\/diario\/wp-json\/wp\/v2\/tags?post=11557"}],"curies":[{"name":"wp","href":"https:\/\/api.w.org\/{rel}","templated":true}]}}