{"id":11586,"date":"2018-09-16T21:26:18","date_gmt":"2018-09-17T00:26:18","guid":{"rendered":"http:\/\/guiadenoticias.com.ar\/diario\/?p=11586"},"modified":"2018-09-16T21:26:39","modified_gmt":"2018-09-17T00:26:39","slug":"castellano-el-estado-y-el-politico-deben-ser-ejemplo","status":"publish","type":"post","link":"https:\/\/guiadenoticias.com.ar\/diario\/castellano-el-estado-y-el-politico-deben-ser-ejemplo\/","title":{"rendered":"Castellano: \u201cEl Estado y el pol\u00edtico deben ser ejemplo\u201d"},"content":{"rendered":"<p>Hasta el 30 de mayo fue el presidente del Concejo Deliberante, cuando la mayor\u00eda de los ediles determinaron cambiarlo por Andr\u00e9s Rol\u00f3n. Pero, Carlos Castellano aclara que dio vuelta la p\u00e1gina y ahora mira hacia el largo plazo. Lanz\u00f3 un espacio propio llamado \u201cRepensar San Isidro\u201d para generar propuestas con la comunidad. Tambi\u00e9n se mueve en t\u00e1ndem con actores vinculados a Cambiemos que son cr\u00edticos a la gesti\u00f3n de Posse, como ConVocaci\u00f3n y Carlos Juncos.<\/p>\n<p>\u201cFue un rol que me toc\u00f3 jugar y cuando en democracia se pierde las mayor\u00eda hay que ser respetuoso\u201d, estim\u00f3 en di\u00e1logo con Gu\u00eda de Noticias. Pero, \u201chubo posiciones poco \u00e9ticas de algunos concejales que cinco meses antes ten\u00edan una opini\u00f3n y de la noche a la ma\u00f1ana la cambiaron. Esas son las cosas que a la pol\u00edtica le hacen perder coherencia\u201d. Adem\u00e1s, el armado que lo acompa\u00f1\u00f3 en mayo, semanas despu\u00e9s desapareci\u00f3.<\/p>\n<p>Las coincidencias en lo macro siguen estando respecto a una agenda de transparencia, de una mayor incidencia de los organismos de control por sobre las gestiones municipales. Por caso existen denuncias de corrupci\u00f3n que son materia de investigaci\u00f3n judicial.<\/p>\n<p><strong>\u00bfLa transparencia lo hizo marcar diferencias con el oficialismo?<\/strong><\/p>\n<p>En cualquier equipo lo que m\u00e1s da\u00f1a una construcci\u00f3n colaborativa es la p\u00e9rdida de la confianza. Si cuando pregunt\u00e9 sobre hechos poco claros y a\u00f1os despu\u00e9s descubr\u00ed que las respuestas eran mentiras, lo que se pierde es la confianza.\u00a0 Ese valor, que tiene que ver con la \u00e9tica republicana, es algo que San Isidro no representa<\/p>\n<p><strong>\u00bfLos sectores cr\u00edticos a Posse van hacia una estrategia com\u00fan?<\/strong><\/p>\n<p>M\u00e1s bien estamos preocupados por una crisis econ\u00f3mica importante y que seguro se agudizar\u00e1. Hay que sostener al Gobierno para que la rep\u00fablica se pueda sostener. Y paralelamente, como sociedad hay que exigir \u00e9tica y honestidad en la funci\u00f3n p\u00fablica. A la gente no le preocupa la miseria sino la injusticia. Pod\u00e9s estar con tu amigo y partir el poquito pan que qued\u00f3. La injusticia es si tu amigo escondi\u00f3 un pedazo para \u00e9l. Esto a la gente le quiebra la confianza, y recuperar\u00e1 la esperanza por medio de pol\u00edticos que le hablen de los valores que se perdieron: la decencia, la transparencia, que no haya sueldos de privilegio en la funci\u00f3n p\u00fablica, ni gastos de representaci\u00f3n excesivos. El Estado y el pol\u00edtico deben dar el ejemplo.<\/p>\n<p><strong>\u00bfEsto significa que no est\u00e1 con la mirada puesta en las elecciones de 2019?<\/strong><\/p>\n<p>No. Sino en buscar esos valores y en encontrar otros sectores sociales y pol\u00edticos que crean que esos valores tiene que ser recuperados en Argentina.<\/p>\n<p><strong>SAN ISIDRO Y LA CRISIS SOCIAL<\/strong><\/p>\n<p><strong>\u00bfEl distrito est\u00e1 preparado para contener una crisis social?<\/strong><\/p>\n<p>San Isidro tiene una estructura de servicio social que funciona para contener una crisis. Creo igualmente que los sectores medios van a padecer much\u00edsimo esta crisis, por los aumentos en los servicios, escuela, seguros, prepagas, costos de movilidad. Y lo que no hizo San Isidro es preparar a sus vecinos, el principal valor que tiene una ciudad, para todas las modificaciones del mercado laboral y de la producci\u00f3n de bienes y servicios. Muchos sectores medios perder\u00e1n el empleo y les costar\u00e1 mucho luego reponerse en la actividad econ\u00f3mica. Falta visi\u00f3n estrat\u00e9gica.<\/p>\n<p><strong>\u00bfPropone algo para responder a este problema?<\/strong><\/p>\n<p>Muchas empresas tecnol\u00f3gicas nos acercaron proyectos para la capacitaci\u00f3n de j\u00f3venes y ni\u00f1os. El gran desaf\u00edo de San Isidro es que cada barrio tiene que ser un gran coworking. Un espacio de base de conocimiento, en que un chico de una escuela p\u00fablica de los barrios de clase obrera acceda al conocimiento de base tecnol\u00f3gica. Y a la persona de 40 que perdi\u00f3 su empleo hay que capacitarla.<\/p>\n<p><strong>UNIDAD RADICAL DETR\u00c1S DE SALVADOR<\/strong><\/p>\n<p><strong>Usted proviene del radicalismo, que definir\u00e1 su interna partidaria el pr\u00f3ximo mes. \u00bfQu\u00e9 visi\u00f3n tiene de esta coyuntura partidaria?<\/strong><\/p>\n<p>Hay que evitar una elecci\u00f3n interna cuando la sociedad argentina atraviesa una situaci\u00f3n dif\u00edcil. No participo de la interna, pero igualmente creo que debe el radicalismo buscar la unidad. La actual conducci\u00f3n de Daniel Salvador representa mucho de los valores del radicalismo y es muy responsable de su rol en Cambiemos.<\/p>\n<p><strong>Sin embargo hay sectores que consideran que Salvador le dio demasiadas concesiones al PRO. \u00bfCoincide con que la UCR debe incidir m\u00e1s y mejor en las decisiones de Cambiemos?<\/strong><\/p>\n<p>No. Coincido en que debe trabajar en equipo,\u00a0 no estar poroteando por un cargo m\u00e1s como pretenden algunos dirigentes. En el momento hist\u00f3rico que atraviesa Argentina necesitamos grandeza y generosidad, que la representa mucho mejor Salvador que los radicales que quieren extorsionar a la gobernadora Vidal. La pol\u00edtica es una empresa social y necesita de sus dirigentes gestos \u00e9ticos y de grandeza. Si se discute de buena fe no se discuten cargos sino que se aportan soluciones.<\/p>\n","protected":false},"excerpt":{"rendered":"<p>Hasta el 30 de mayo fue el presidente del Concejo Deliberante, cuando la mayor\u00eda de los ediles determinaron cambiarlo por Andr\u00e9s Rol\u00f3n. Pero, Carlos Castellano aclara que dio vuelta la p\u00e1gina y ahora mira hacia el largo plazo. Lanz\u00f3 un espacio propio llamado \u201cRepensar San Isidro\u201d para generar propuestas con la comunidad. Tambi\u00e9n se mueve [&hellip;]<\/p>\n","protected":false},"author":1,"featured_media":11587,"comment_status":"closed","ping_status":"open","sticky":false,"template":"","format":"standard","meta":{"footnotes":""},"categories":[20,48,21],"tags":[],"class_list":{"0":"post-11586","1":"post","2":"type-post","3":"status-publish","4":"format-standard","5":"has-post-thumbnail","7":"category-municipios","8":"category-politica-argentina","9":"category-san-isidro"},"aioseo_notices":[],"_links":{"self":[{"href":"https:\/\/guiadenoticias.com.ar\/diario\/wp-json\/wp\/v2\/posts\/11586","targetHints":{"allow":["GET"]}}],"collection":[{"href":"https:\/\/guiadenoticias.com.ar\/diario\/wp-json\/wp\/v2\/posts"}],"about":[{"href":"https:\/\/guiadenoticias.com.ar\/diario\/wp-json\/wp\/v2\/types\/post"}],"author":[{"embeddable":true,"href":"https:\/\/guiadenoticias.com.ar\/diario\/wp-json\/wp\/v2\/users\/1"}],"replies":[{"embeddable":true,"href":"https:\/\/guiadenoticias.com.ar\/diario\/wp-json\/wp\/v2\/comments?post=11586"}],"version-history":[{"count":1,"href":"https:\/\/guiadenoticias.com.ar\/diario\/wp-json\/wp\/v2\/posts\/11586\/revisions"}],"predecessor-version":[{"id":11588,"href":"https:\/\/guiadenoticias.com.ar\/diario\/wp-json\/wp\/v2\/posts\/11586\/revisions\/11588"}],"wp:featuredmedia":[{"embeddable":true,"href":"https:\/\/guiadenoticias.com.ar\/diario\/wp-json\/wp\/v2\/media\/11587"}],"wp:attachment":[{"href":"https:\/\/guiadenoticias.com.ar\/diario\/wp-json\/wp\/v2\/media?parent=11586"}],"wp:term":[{"taxonomy":"category","embeddable":true,"href":"https:\/\/guiadenoticias.com.ar\/diario\/wp-json\/wp\/v2\/categories?post=11586"},{"taxonomy":"post_tag","embeddable":true,"href":"https:\/\/guiadenoticias.com.ar\/diario\/wp-json\/wp\/v2\/tags?post=11586"}],"curies":[{"name":"wp","href":"https:\/\/api.w.org\/{rel}","templated":true}]}}