{"id":11608,"date":"2018-09-19T22:49:23","date_gmt":"2018-09-20T01:49:23","guid":{"rendered":"http:\/\/guiadenoticias.com.ar\/diario\/?p=11608"},"modified":"2018-09-19T22:51:11","modified_gmt":"2018-09-20T01:51:11","slug":"arguello-no-seguiremos-a-una-conduccion-que-no-nos-defiende","status":"publish","type":"post","link":"https:\/\/guiadenoticias.com.ar\/diario\/arguello-no-seguiremos-a-una-conduccion-que-no-nos-defiende\/","title":{"rendered":"Arg\u00fcello: \u201cNo seguiremos a una conducci\u00f3n que no nos defiende\u201d"},"content":{"rendered":"<p>Con el horizonte puesto en las jornadas de protesta y paro del 24 y 25 de septiembre, el dirigente Camionero Octavio Arg\u00fcello anticip\u00f3 el lanzamiento del Frente Social Sindical. La nueva coalici\u00f3n est\u00e1 conformada por gremios distanciados de la conducci\u00f3n de la CGT nacional y ver\u00e1 la luz p\u00fablica el 20, con un acto en el Club Ferrocarril Oeste. \u201cLo creamos para que los trabajadores se sientan contenidos, plantear una oposici\u00f3n real a este gobierno y sumar masa cr\u00edtica\u201d, explic\u00f3 ante Gu\u00eda de Noticias.<\/p>\n<p>\u201cEst\u00e1n representados los gremios que se fueron de la conducci\u00f3n y de la Corriente Federal, y tambi\u00e9n se va a sumar parte de la CTA\u201d, ampli\u00f3 el secretario General del Sindicato de Choferes de Camiones de San Mart\u00edn-Tres de Febrero. \u201cRompimos con el triunvirato, aunque nunca nos fuimos de la central. Pero, lo que rebas\u00f3 el vaso fue que los triunviros se reunieron con el FMI. No vamos a ser c\u00f3mplices de estos tipos\u201d.<\/p>\n<p>Arg\u00fcello record\u00f3 a su vez que cuando su organizaci\u00f3n fue multada por el entonces Ministerio de Trabajo con 800 millones de pesos, la CGT no intercedi\u00f3 ante ning\u00fan organismo internacional. \u201cNo vamos seguir alineados a una conducci\u00f3n que no nos defiende\u201d, sentenci\u00f3.<\/p>\n<p>\u201cEl movimiento obrero en su conjunto debe entender que tenemos que involucrarnos en tener una finalidad pol\u00edtica muy profunda. M\u00e1s que una discusi\u00f3n gremial se viene una profunda discusi\u00f3n pol\u00edtica\u201d, observ\u00f3. Para los armadores del nuevo espacio, el sector obrero debe volver a ser la espina dorsal del peronismo y tener sus representantes en el parlamento. Por eso estrechan los v\u00ednculos con el kirchnerismo, y hasta algunos piensan en un Pablo Moyano candidato.<\/p>\n<p>\u201cSomos concientes que con un paro no alcanza. Tenemos que ser protagonistas sociales y pol\u00edticos, debemos tener definici\u00f3n porque somos el sector que crea las riquezas del pa\u00eds\u201d, subi\u00f3 la apuesta el sindicalista.<\/p>\n<p>Sin embargo aclar\u00f3 que la construcci\u00f3n del Frente Social Sindical no significa la desactivaci\u00f3n de la Multisectorial 21F, ya que esta abarca una alianza mucho m\u00e1s amplia contra el gobierno de Mauricio Macri que incluye a los movimientos sociales.<\/p>\n<p>Por otro lado, el ex diputado nacional consider\u00f3 que el \u00e9xito del paro del 25 de septiembre \u201cviene asegurado por el mismo Gobierno\u201d. \u201cHan volcado el pa\u00eds en siete u ocho meses y la gente va a parar porque est\u00e1 asfixiada. Uno no quiere pegar un \u2018golpe\u2019 porque hay 45% de inflaci\u00f3n y el d\u00f3lar se dispar\u00f3. No hay mentira en esto\u201d, fundament\u00f3.<\/p>\n<p>La CGT Regional San Mart\u00edn, de la cual Arg\u00fcello es uno de los triunviros, participar\u00e1 de la marcha a Plaza de Mayo el 24 y el d\u00eda de la huelga armar\u00e1 ollas populares en las principales plazas del noroeste del Conurbano. A pesar de las divisiones en la superestructura gremial, a nivel regional el camionero observa que \u201ccon todos los compa\u00f1eros nos encontramos bajo las mismas necesidades. Si el compa\u00f1ero de comercio pierde su trabajo, o el textil, a la larga perdemos el trabajo nosotros\u201d.<\/p>\n<p>El moyanista asegur\u00f3 que presionaran por una reactualizaci\u00f3n de los salarios que pase del 25% logrado hace meses hasta el 45% que estiman es la inflaci\u00f3n que se acumular\u00e1 a fin de a\u00f1o.<\/p>\n<p><strong>DI\u00c1LOGO POL\u00cdTICO<\/strong><\/p>\n<p>En cuanto al di\u00e1logo pol\u00edtico, Arg\u00fcello asegur\u00f3 que se aboca a charlar \u201ccon todos los sectores\u201d, sobre todo de su patria chica, Tres de Febrero. \u201cMi l\u00edmite es el neoliberalismo, es lo m\u00e1s rancio de la oligarqu\u00eda ya que me separa de ella un concepto ideol\u00f3gico distinto\u201d, sostuvo. Dentro del peronismo comparti\u00f3 recientemente encuentros con Axel Kicillof, que camina la provincia con ganas de ser gobernador, al tiempo que acompa\u00f1a a Alberto Rodr\u00edguez Saa con sus actos #Hay2019.<\/p>\n","protected":false},"excerpt":{"rendered":"<p>Con el horizonte puesto en las jornadas de protesta y paro del 24 y 25 de septiembre, el dirigente Camionero Octavio Arg\u00fcello anticip\u00f3 el lanzamiento del Frente Social Sindical. La nueva coalici\u00f3n est\u00e1 conformada por gremios distanciados de la conducci\u00f3n de la CGT nacional y ver\u00e1 la luz p\u00fablica el 20, con un acto en [&hellip;]<\/p>\n","protected":false},"author":1,"featured_media":11609,"comment_status":"closed","ping_status":"open","sticky":false,"template":"","format":"standard","meta":{"footnotes":""},"categories":[49,20,48,24,26],"tags":[],"class_list":{"0":"post-11608","1":"post","2":"type-post","3":"status-publish","4":"format-standard","5":"has-post-thumbnail","7":"category-economia-y-gremiales","8":"category-municipios","9":"category-politica-argentina","10":"category-san-martin","11":"category-tres-de-febrero"},"aioseo_notices":[],"_links":{"self":[{"href":"https:\/\/guiadenoticias.com.ar\/diario\/wp-json\/wp\/v2\/posts\/11608","targetHints":{"allow":["GET"]}}],"collection":[{"href":"https:\/\/guiadenoticias.com.ar\/diario\/wp-json\/wp\/v2\/posts"}],"about":[{"href":"https:\/\/guiadenoticias.com.ar\/diario\/wp-json\/wp\/v2\/types\/post"}],"author":[{"embeddable":true,"href":"https:\/\/guiadenoticias.com.ar\/diario\/wp-json\/wp\/v2\/users\/1"}],"replies":[{"embeddable":true,"href":"https:\/\/guiadenoticias.com.ar\/diario\/wp-json\/wp\/v2\/comments?post=11608"}],"version-history":[{"count":1,"href":"https:\/\/guiadenoticias.com.ar\/diario\/wp-json\/wp\/v2\/posts\/11608\/revisions"}],"predecessor-version":[{"id":11610,"href":"https:\/\/guiadenoticias.com.ar\/diario\/wp-json\/wp\/v2\/posts\/11608\/revisions\/11610"}],"wp:featuredmedia":[{"embeddable":true,"href":"https:\/\/guiadenoticias.com.ar\/diario\/wp-json\/wp\/v2\/media\/11609"}],"wp:attachment":[{"href":"https:\/\/guiadenoticias.com.ar\/diario\/wp-json\/wp\/v2\/media?parent=11608"}],"wp:term":[{"taxonomy":"category","embeddable":true,"href":"https:\/\/guiadenoticias.com.ar\/diario\/wp-json\/wp\/v2\/categories?post=11608"},{"taxonomy":"post_tag","embeddable":true,"href":"https:\/\/guiadenoticias.com.ar\/diario\/wp-json\/wp\/v2\/tags?post=11608"}],"curies":[{"name":"wp","href":"https:\/\/api.w.org\/{rel}","templated":true}]}}