{"id":11651,"date":"2018-09-25T20:55:27","date_gmt":"2018-09-25T23:55:27","guid":{"rendered":"http:\/\/guiadenoticias.com.ar\/diario\/?p=11651"},"modified":"2018-09-25T20:57:49","modified_gmt":"2018-09-25T23:57:49","slug":"otra-jornada-caldeada-paro-general-y-supermartes-para-caputo","status":"publish","type":"post","link":"https:\/\/guiadenoticias.com.ar\/diario\/otra-jornada-caldeada-paro-general-y-supermartes-para-caputo\/","title":{"rendered":"Otra jornada caldeada: paro general y supermartes para Caputo"},"content":{"rendered":"<p>El triunvirato que conduce la Confederaci\u00f3n General del Trabajo (CGT), integrado por Juan Carlos Schmid, H\u00e9ctor Daer y Carlos Acu\u00f1a, sostuvo que el paro general tuvo un alto acatamiento y advirti\u00f3 al Gobierno: \u00abSi no tienen un plan B, tampoco va a haber tregua\u00bb.<\/p>\n<p>El triunvirato cuestion\u00f3 la renuncia de Luis Caputo como titular del Banco Central y la etiquet\u00f3 de \u00abirresponsable\u00bb. \u00abNo hace m\u00e1s que demostrar que no estamos ante el mejor equipo de los \u00faltimos 50 a\u00f1os, sino que estamos ante la incapacidad de asumir que estamos frente a una crisis fundamental\u00bb, sostuvo Schmid.<\/p>\n<p>El secretario General del sindicato de Dragado y Balizamiento asegur\u00f3 que si el Gobierno \u00abno tiene un plan B, tampoco va a haber tregua con el movimiento sindical argentino\u00bb. Y agreg\u00f3: \u00abLo decimos con la tranquilidad de haber recorrido, a lo largo de los 3 a\u00f1os de mandato, todas las v\u00edas posibles para encontrar una soluci\u00f3n a los problemas que tiene la Argentina\u00bb.<\/p>\n<p>Acu\u00f1a tambi\u00e9n lanz\u00f3 una dura cr\u00edtica al presidente Macri y a la gesti\u00f3n de Cambiemos. \u00abLo \u00fanico que les preocupa es c\u00f3mo van a calmar el \u00e1nimo del sector financiero. \u00bfCu\u00e1ndo se van a ocupar de calmar el hambre, el desempleo y la pulverizaci\u00f3n de los salarios?\u00bb, se pregunt\u00f3. Y sigui\u00f3: \u00ab\u00bfCu\u00e1ndo van a pensar en todos los trabajadores y las familias argentinas que hacen el esfuerzo para sobrevivir?\u00bb.<\/p>\n<p>Resalt\u00f3 que \u00abesta CGT va a estar al frente de esta lucha\u00bb y se va a \u00abponer al frente de los reclamos m\u00e1s justos que tiene el pueblo argentino\u00bb. Adem\u00e1s, sostuvo que con la direcci\u00f3n de la pol\u00edtica econ\u00f3mica del Gobierno \u00abvamos muy mal y vamos a terminar muy mal\u00bb.<\/p>\n<p>Por otra parte, H\u00e9ctor Daer afirm\u00f3 que en estos tres meses \u00abtenemos una devaluaci\u00f3n impresionante y el valor de nuestro peso cay\u00f3 a la mitad\u00bb. Tambi\u00e9n sostuvo que \u00abse pulveriz\u00f3 nuestra moneda, aumentaron los precios, dolarizaci\u00f3n del precio de los alimentos y el precio de las tarifas\u00bb.<\/p>\n<p>\u00abAl Presidente le decimos que deje de mirar desde Ezeiza para afuera y se pare en la cordillera a ver la Argentina. Que mire las necesidades y lo que estamos pasando en su pa\u00eds\u00bb, indic\u00f3 Daer.<\/p>\n<p>El sindicalista tambi\u00e9n critic\u00f3 al jefe de Estado, quien asegur\u00f3 que est\u00e1 listo para competir por su reelecci\u00f3n el a\u00f1o que viene. \u00abPresidente, no piense en la reelecci\u00f3n y en la fantas\u00eda de los globos. Piense en gobernar de ac\u00e1 a fin de a\u00f1o y en gobernar para llegar al 10 de diciembre del a\u00f1o que viene y entregar el poder democr\u00e1ticamente\u00bb, se\u00f1al\u00f3.<\/p>\n<p>El Frente Sindical por el Modelo Nacional realiz\u00f3 su propia conferencia de prensa encabezada por los Moyano, Sergio Palazzo de Bancarios y los referentes de CTA, entre otros.<\/p>\n<p>Fuentes cercanas a Moyano adelantaron que la pr\u00f3xima medida ser\u00e1 una masiva movilizaci\u00f3n al Congreso el d\u00eda del tratamiento del Presupuesto 2019 en la C\u00e1mara de Diputados. La segunda medida que se vendr\u00e1 ser\u00e1 una multitudinaria peregrinaci\u00f3n a Luj\u00e1n el 20 de octubre.<\/p>\n<p>La \u00faltima protesta callejera prevista antes de fin de a\u00f1o se realizar\u00e1 el viernes 30 de noviembre o s\u00e1bado 1 de diciembre, momento en que arribar\u00e1n a la ciudad de Buenos Aires los presidentes del G20 para participar de la Cumbre de L\u00edderes. En este marco, no descartan que antes de fin de a\u00f1o desde el Frente Sindical o la CGT impulsen el quinto paro general.<\/p>\n<p><strong>CAPUTO, DE SALIDA<\/strong><\/p>\n<p>Luis Caputo renunci\u00f3 a la conducci\u00f3n del Banco Central, en medio de una disputa interna en las entra\u00f1as del Gobierno por el manejo de la pol\u00edtica monetaria. El momento elegido le suma m\u00e1s incertidumbre a un mercado que desde hace tiempo no encuentra calma. Su reemplazante es Guido Sandleris, un hombre que hasta las \u00faltimas horas fue uno de los encargados de negociar con el Fondo Monetario Internacional. En tanto que Gustavo Ca\u00f1onero continuar\u00e1 como vicepresidente primero de la instituci\u00f3n y Ver\u00f3nica Rappaport ser\u00e1 la vice segunda.<\/p>\n<p>Seg\u00fan el comunicado oficial, Caputo le present\u00f3 la renuncia al presidente Mauricio Macri, quien se encuentra a\u00fan en Nueva York junto al ministro de Hacienda, Nicol\u00e1s Dujovne, en una misi\u00f3n que busca cerrar un nuevo acuerdo con el FMI para ampliar el pr\u00e9stamo de 50.000 millones de d\u00f3lares.<\/p>\n<p>Sin embargo, el trasfondo de poder que hay detr\u00e1s del alejamiento es el del rumbo de la pol\u00edtica econ\u00f3mica. Nunca se blanque\u00f3 en p\u00fablico, pero son conocidas las diferencias entre Caputo y Dujovne. Tanto es as\u00ed que el saliente titular del Central, uno hombre netamente de los mercados, se baj\u00f3 semanas atr\u00e1s de la misi\u00f3n que encabez\u00f3 el ministro de Hacienda para negociar el nuevo acuerdo con el FMI.<\/p>\n<p>\u00abEsta renuncia se debe a motivos personales, con la convicci\u00f3n de que el nuevo acuerdo con el Fondo Monetario Internacional restablecer\u00e1 la confianza acerca de la situaci\u00f3n fiscal, financiera, monetaria y cambiaria\u00bb, dice el comunicado oficial difundido por el BCRA.<\/p>\n<p>La salida de Caputo es, en t\u00e9rminos pol\u00edticos, una victoria para Dujovne. Sandleris, un hombre de su confianza, es quien tomar\u00e1 las riendas de la entidad monetaria. Y se podr\u00eda decir que hasta hace minutos estuvo negociando con los t\u00e9cnicos del FMI las condiciones del nuevo acuerdo.<\/p>\n","protected":false},"excerpt":{"rendered":"<p>El triunvirato que conduce la Confederaci\u00f3n General del Trabajo (CGT), integrado por Juan Carlos Schmid, H\u00e9ctor Daer y Carlos Acu\u00f1a, sostuvo que el paro general tuvo un alto acatamiento y advirti\u00f3 al Gobierno: \u00abSi no tienen un plan B, tampoco va a haber tregua\u00bb. El triunvirato cuestion\u00f3 la renuncia de Luis Caputo como titular del [&hellip;]<\/p>\n","protected":false},"author":1,"featured_media":11652,"comment_status":"closed","ping_status":"open","sticky":false,"template":"","format":"standard","meta":{"footnotes":""},"categories":[49,30,48],"tags":[],"class_list":{"0":"post-11651","1":"post","2":"type-post","3":"status-publish","4":"format-standard","5":"has-post-thumbnail","7":"category-economia-y-gremiales","8":"category-nacion","9":"category-politica-argentina"},"aioseo_notices":[],"_links":{"self":[{"href":"https:\/\/guiadenoticias.com.ar\/diario\/wp-json\/wp\/v2\/posts\/11651","targetHints":{"allow":["GET"]}}],"collection":[{"href":"https:\/\/guiadenoticias.com.ar\/diario\/wp-json\/wp\/v2\/posts"}],"about":[{"href":"https:\/\/guiadenoticias.com.ar\/diario\/wp-json\/wp\/v2\/types\/post"}],"author":[{"embeddable":true,"href":"https:\/\/guiadenoticias.com.ar\/diario\/wp-json\/wp\/v2\/users\/1"}],"replies":[{"embeddable":true,"href":"https:\/\/guiadenoticias.com.ar\/diario\/wp-json\/wp\/v2\/comments?post=11651"}],"version-history":[{"count":1,"href":"https:\/\/guiadenoticias.com.ar\/diario\/wp-json\/wp\/v2\/posts\/11651\/revisions"}],"predecessor-version":[{"id":11653,"href":"https:\/\/guiadenoticias.com.ar\/diario\/wp-json\/wp\/v2\/posts\/11651\/revisions\/11653"}],"wp:featuredmedia":[{"embeddable":true,"href":"https:\/\/guiadenoticias.com.ar\/diario\/wp-json\/wp\/v2\/media\/11652"}],"wp:attachment":[{"href":"https:\/\/guiadenoticias.com.ar\/diario\/wp-json\/wp\/v2\/media?parent=11651"}],"wp:term":[{"taxonomy":"category","embeddable":true,"href":"https:\/\/guiadenoticias.com.ar\/diario\/wp-json\/wp\/v2\/categories?post=11651"},{"taxonomy":"post_tag","embeddable":true,"href":"https:\/\/guiadenoticias.com.ar\/diario\/wp-json\/wp\/v2\/tags?post=11651"}],"curies":[{"name":"wp","href":"https:\/\/api.w.org\/{rel}","templated":true}]}}