{"id":11664,"date":"2018-09-28T01:02:02","date_gmt":"2018-09-28T04:02:02","guid":{"rendered":"http:\/\/guiadenoticias.com.ar\/diario\/?p=11664"},"modified":"2018-09-28T01:02:19","modified_gmt":"2018-09-28T04:02:19","slug":"silvia-saravia-no-seremos-el-furgon-de-una-candidatura-de-cfk","status":"publish","type":"post","link":"https:\/\/guiadenoticias.com.ar\/diario\/silvia-saravia-no-seremos-el-furgon-de-una-candidatura-de-cfk\/","title":{"rendered":"Silvia Saravia: \u201cNo seremos el furg\u00f3n de una candidatura de CFK\u201d"},"content":{"rendered":"<p>Designada por la mesa nacional de Libres del Sur, Silvia Saravia es desde hace una semana la coordinadora del Movimiento Barrios de Pie. Sin embargo, Daniel \u201cChucky\u201d Men\u00e9ndez desconoce la decisi\u00f3n de la c\u00fapula al afirmar que el movimiento rompi\u00f3 con el partido liderado por Humberto Tumini.<\/p>\n<p>El tironeo no s\u00f3lo puso en entredicho el liderazgo del movimiento social, sino tambi\u00e9n si los espacios que se fueron con Men\u00e9ndez pueden seguir usando su nombre. Y por otro lado puede jaquear la articulaci\u00f3n con los movimientos sociales que conforman el tridente de San Cayetano y presionan a la pol\u00edtica social del macrismo.<\/p>\n<p>Saravia, por su parte, en una entrevista concedida a Gu\u00eda de Noticias reafirm\u00f3 la legitimidad de su liderazgo, desconoci\u00f3 la de \u201cChucky\u201d, minimiz\u00f3 la p\u00e9rdida de poder territorial en el Conurbano y, sobre todo, rechaz\u00f3 cualquier posible articulaci\u00f3n de los movimientos sociales con el kirchnerismo, \u201cno estamos de acuerdo con los sectores que piensan que debemos estar detr\u00e1s de la candidatura de Cristina Kirchner. Los que lo piensan no nos van a llevar de furg\u00f3n de cola hacia ese lugar\u201d, se\u00f1al\u00f3.<\/p>\n<p>La docente oriunda de San Mart\u00edn tampoco perdi\u00f3 oportunidad de criticar a Victoria Donda y Juan Grabois.<\/p>\n<p><strong>\u00bfC\u00f3mo est\u00e1 la relaci\u00f3n entre Barrios de Pie y Libres del Sur?<\/strong><\/p>\n<p>Barrios de Pie naci\u00f3 como organizaci\u00f3n territorial a partir de una organizaci\u00f3n pol\u00edtica. Eso fue reafirmado por los delegados de las provincias el pasado jueves. La verdad es que Daniel Men\u00e9ndez renunci\u00f3 a Libres del Sur y nosotros tomamos como consecuencia que tambi\u00e9n renunci\u00f3 al movimiento.<\/p>\n<p><strong>Pero \u00e9l afirma que contin\u00faa al frente de Barrios de Pie\u2026<\/strong><\/p>\n<p>Irse de Libres del Sur supone irse de Barrios de Pie, m\u00e1s con la responsabilidad que ten\u00eda \u00e9l hasta ese momento. Tiene esta actitud por una cuesti\u00f3n coyuntural y por no poner su decisi\u00f3n en debate dentro de la fuerza. De hecho, lo plante\u00f3 como una decisi\u00f3n personal. Las distintas provincias ahora desconocen a Daniel Men\u00e9ndez como coordinador nacional.<\/p>\n<p><strong>La decisi\u00f3n de Men\u00e9ndez provoc\u00f3 que mucha militancia se alejara de Libres del Sur. \u00bfC\u00f3mo afecta este escenario a la organizaci\u00f3n?<\/strong><\/p>\n<p>No afecta a la organizaci\u00f3n en general, sino que es una crisis que se produjo en Ciudad de Buenos Aires, parte de la provincia de Buenos Aires y parte de C\u00f3rdoba, mientras que seguimos presentes en 22 provincias. En las reuniones ordinarias de nuestra organizaci\u00f3n algunos compa\u00f1eros plantearon que no quer\u00edan ser m\u00e1s parte y se retiraron. Respecto de si ellos siguen usando el nombre, tenemos conocimiento que se lo est\u00e1n replanteando.<\/p>\n<p><strong>\u00bfEsta crisis interna no causa que ustedes pierdan gran cantidad de recursos y de militancia?<\/strong><\/p>\n<p>El espacio de militantes que siguen a Victoria Donda y Daniel Men\u00e9ndez definieron salir de la organizaci\u00f3n, lo cual es respetable, pero Barrios de Pie ratifica su existencia. Lo sano y honesto es que quien se va funde una nueva organizaci\u00f3n. Barrios de Pie no est\u00e1 escindido de Libres del Sur sino que es parte del partido. Daniel Men\u00e9ndez fue elegido coordinador nacional por la misma mesa de Libres del Sur que hoy desconoce.<\/p>\n<p><strong>\u00bfC\u00f3mo afecta esta situaci\u00f3n la articulaci\u00f3n con las otras organizaciones sociales que formaron el llamado tridente de San Cayetano?<\/strong><\/p>\n<p>Es un problema grande que esto suceda mientras el gobierno de Mauricio Macri avanza con su ajuste. La situaci\u00f3n en los barrios est\u00e1 dif\u00edcil y por eso apostamos a un espacio com\u00fan. Las organizaciones de los cayetanos seguimos encontr\u00e1ndonos en las provincias; de hecho, Men\u00e9ndez quiso ir al encuentro regional concretado en San Juan y no lo pudo hacer porque se desconoce su referencia nacional. No creemos que este problema da\u00f1e el trabajo en conjunto, pero s\u00ed creemos que da\u00f1a la unidad necesaria para enfrentar al modelo de ajuste.<\/p>\n<p><strong>\u00bfLa unidad necesaria tiene que darse con los sectores a\u00fan vinculados con el anterior gobierno?<\/strong><\/p>\n<p>La denuncia y la lucha se tienen que dar en conjunto con la mayor amplitud de sectores. En eso no tenemos dudas. Pero no corresponde, seg\u00fan nuestro punto de vista, que dirigentes como (Juan) Grabois sean la voz de Cristina. Como organizaci\u00f3n planteamos que deb\u00edamos poner por delante la lucha colectiva y no traccionar a las organizaciones sociales a una postura pol\u00edtica. Las tres organizaciones sociales en las \u00faltimas elecciones estuvimos en tres espacios partidarios diferentes. Eso no impidi\u00f3 que sigamos peleando en la calle, que es lo que ponemos por delante. La unidad en la calle es fundamental y necesaria. Pero, no estamos de acuerdo con los sectores que piensan que debemos estar detr\u00e1s de la candidatura de Cristina Kirchner. Los que lo piensan no nos van a llevar de furg\u00f3n de cola hacia ese lugar.<\/p>\n","protected":false},"excerpt":{"rendered":"<p>Designada por la mesa nacional de Libres del Sur, Silvia Saravia es desde hace una semana la coordinadora del Movimiento Barrios de Pie. Sin embargo, Daniel \u201cChucky\u201d Men\u00e9ndez desconoce la decisi\u00f3n de la c\u00fapula al afirmar que el movimiento rompi\u00f3 con el partido liderado por Humberto Tumini. El tironeo no s\u00f3lo puso en entredicho el [&hellip;]<\/p>\n","protected":false},"author":1,"featured_media":11665,"comment_status":"closed","ping_status":"open","sticky":false,"template":"","format":"standard","meta":{"footnotes":""},"categories":[20,48,31,24],"tags":[],"class_list":{"0":"post-11664","1":"post","2":"type-post","3":"status-publish","4":"format-standard","5":"has-post-thumbnail","7":"category-municipios","8":"category-politica-argentina","9":"category-provincia","10":"category-san-martin"},"aioseo_notices":[],"_links":{"self":[{"href":"https:\/\/guiadenoticias.com.ar\/diario\/wp-json\/wp\/v2\/posts\/11664","targetHints":{"allow":["GET"]}}],"collection":[{"href":"https:\/\/guiadenoticias.com.ar\/diario\/wp-json\/wp\/v2\/posts"}],"about":[{"href":"https:\/\/guiadenoticias.com.ar\/diario\/wp-json\/wp\/v2\/types\/post"}],"author":[{"embeddable":true,"href":"https:\/\/guiadenoticias.com.ar\/diario\/wp-json\/wp\/v2\/users\/1"}],"replies":[{"embeddable":true,"href":"https:\/\/guiadenoticias.com.ar\/diario\/wp-json\/wp\/v2\/comments?post=11664"}],"version-history":[{"count":1,"href":"https:\/\/guiadenoticias.com.ar\/diario\/wp-json\/wp\/v2\/posts\/11664\/revisions"}],"predecessor-version":[{"id":11666,"href":"https:\/\/guiadenoticias.com.ar\/diario\/wp-json\/wp\/v2\/posts\/11664\/revisions\/11666"}],"wp:featuredmedia":[{"embeddable":true,"href":"https:\/\/guiadenoticias.com.ar\/diario\/wp-json\/wp\/v2\/media\/11665"}],"wp:attachment":[{"href":"https:\/\/guiadenoticias.com.ar\/diario\/wp-json\/wp\/v2\/media?parent=11664"}],"wp:term":[{"taxonomy":"category","embeddable":true,"href":"https:\/\/guiadenoticias.com.ar\/diario\/wp-json\/wp\/v2\/categories?post=11664"},{"taxonomy":"post_tag","embeddable":true,"href":"https:\/\/guiadenoticias.com.ar\/diario\/wp-json\/wp\/v2\/tags?post=11664"}],"curies":[{"name":"wp","href":"https:\/\/api.w.org\/{rel}","templated":true}]}}