{"id":11691,"date":"2018-10-03T00:55:10","date_gmt":"2018-10-03T03:55:10","guid":{"rendered":"http:\/\/guiadenoticias.com.ar\/diario\/?p=11691"},"modified":"2018-10-03T00:55:32","modified_gmt":"2018-10-03T03:55:32","slug":"el-alza-de-los-municipales-sf-llegara-al-35-por-ciento","status":"publish","type":"post","link":"https:\/\/guiadenoticias.com.ar\/diario\/el-alza-de-los-municipales-sf-llegara-al-35-por-ciento\/","title":{"rendered":"El alza de los municipales SF llegar\u00e1 al 35 por ciento"},"content":{"rendered":"<p>Desde diciembre, los empleados del municipio de San Fernando percibir\u00e1n un nuevo aumento de 11,5%, que se suma a los otorgados en junio y septiembre. \u201cGracias al esfuerzo conjunto con los vecinos logramos un incremento del 35%, para recomponer el bolsillo de nuestros trabajadores en un a\u00f1o tan dif\u00edcil\u201d, manifest\u00f3 el intendente Luis Andreotti.<\/p>\n<p>A trav\u00e9s de la Secretar\u00eda de Econom\u00eda, la gesti\u00f3n massista comunic\u00f3 que a partir de diciembre los empleados percibir\u00e1n un nuevo aumento salarial del 11,5%, lo que arrojar\u00e1 un incremento a lo largo de 2018 de m\u00e1s del 35%. De esta manera, sumado al aumento de 2017 del 33%, se busca compensar el poder adquisitivo.<\/p>\n<p>Sobre este tema, el jefe comunal indic\u00f3: \u201cTuvimos un segundo semestre muy complicada debido a la profunda escalada inflacionaria y la fuerte devaluaci\u00f3n\u201d.<\/p>\n","protected":false},"excerpt":{"rendered":"<p>Desde diciembre, los empleados del municipio de San Fernando percibir\u00e1n un nuevo aumento de 11,5%, que se suma a los otorgados en junio y septiembre. \u201cGracias al esfuerzo conjunto con los vecinos logramos un incremento del 35%, para recomponer el bolsillo de nuestros trabajadores en un a\u00f1o tan dif\u00edcil\u201d, manifest\u00f3 el intendente Luis Andreotti. A [&hellip;]<\/p>\n","protected":false},"author":1,"featured_media":6695,"comment_status":"closed","ping_status":"open","sticky":false,"template":"","format":"standard","meta":{"footnotes":""},"categories":[49,20,48,22],"tags":[],"class_list":{"0":"post-11691","1":"post","2":"type-post","3":"status-publish","4":"format-standard","5":"has-post-thumbnail","7":"category-economia-y-gremiales","8":"category-municipios","9":"category-politica-argentina","10":"category-san-fernando"},"aioseo_notices":[],"_links":{"self":[{"href":"https:\/\/guiadenoticias.com.ar\/diario\/wp-json\/wp\/v2\/posts\/11691","targetHints":{"allow":["GET"]}}],"collection":[{"href":"https:\/\/guiadenoticias.com.ar\/diario\/wp-json\/wp\/v2\/posts"}],"about":[{"href":"https:\/\/guiadenoticias.com.ar\/diario\/wp-json\/wp\/v2\/types\/post"}],"author":[{"embeddable":true,"href":"https:\/\/guiadenoticias.com.ar\/diario\/wp-json\/wp\/v2\/users\/1"}],"replies":[{"embeddable":true,"href":"https:\/\/guiadenoticias.com.ar\/diario\/wp-json\/wp\/v2\/comments?post=11691"}],"version-history":[{"count":1,"href":"https:\/\/guiadenoticias.com.ar\/diario\/wp-json\/wp\/v2\/posts\/11691\/revisions"}],"predecessor-version":[{"id":11692,"href":"https:\/\/guiadenoticias.com.ar\/diario\/wp-json\/wp\/v2\/posts\/11691\/revisions\/11692"}],"wp:featuredmedia":[{"embeddable":true,"href":"https:\/\/guiadenoticias.com.ar\/diario\/wp-json\/wp\/v2\/media\/6695"}],"wp:attachment":[{"href":"https:\/\/guiadenoticias.com.ar\/diario\/wp-json\/wp\/v2\/media?parent=11691"}],"wp:term":[{"taxonomy":"category","embeddable":true,"href":"https:\/\/guiadenoticias.com.ar\/diario\/wp-json\/wp\/v2\/categories?post=11691"},{"taxonomy":"post_tag","embeddable":true,"href":"https:\/\/guiadenoticias.com.ar\/diario\/wp-json\/wp\/v2\/tags?post=11691"}],"curies":[{"name":"wp","href":"https:\/\/api.w.org\/{rel}","templated":true}]}}