{"id":11712,"date":"2018-10-04T22:56:11","date_gmt":"2018-10-05T01:56:11","guid":{"rendered":"http:\/\/guiadenoticias.com.ar\/diario\/?p=11712"},"modified":"2018-10-04T22:56:34","modified_gmt":"2018-10-05T01:56:34","slug":"sebastian-pereiro-presidente-por-consenso-de-la-ucr-3f","status":"publish","type":"post","link":"https:\/\/guiadenoticias.com.ar\/diario\/sebastian-pereiro-presidente-por-consenso-de-la-ucr-3f\/","title":{"rendered":"Sebasti\u00e1n Pereiro, presidente por consenso de la UCR 3F"},"content":{"rendered":"<p>Tras d\u00edas de negociaciones, el Comit\u00e9 de Distrito Tres de Febrero se aline\u00f3 con la c\u00fapula bonaerense y unific\u00f3 listas. Sebasti\u00e1n Pereiro, subsecretario de Protecci\u00f3n de Derechos Humanos de Buenos Aires, encabeza la lista y ser\u00e1 el pr\u00f3ximo presidente. Finalmente cerraron filas entre el sector nucleado detr\u00e1s del concejal Marcelo Bello y el representado por el saliente titular partidario, Marcelo \u201cLocatti\u201d Uscheroff.<\/p>\n<p>La conformaci\u00f3n del nuevo comit\u00e9 fue trabajada desde la semana pasada. Las flamantes autoridades cuentan con la venia del presidente del Comit\u00e9 Provincia y vicegobernador, Daniel Salvador.<\/p>\n<p>\u201cMe siento con una gran felicidad. Milito desde muy chico y tengo una relaci\u00f3n afectiva con muchos de los que conforman el partido. Ellos me han formado para ocupar distintos cargos y ahora la presidencia\u201d, reconoci\u00f3 Pereiro apenas confirmada su postulaci\u00f3n. Es un joven dirigente de 36 a\u00f1os, de Santos Lugares y futuro licenciado en Administraci\u00f3n P\u00fablica de la UNTREF.<\/p>\n<p>En charla con Gu\u00eda de Noticias, el funcionario ponder\u00f3 que los correligionarios hayan evitado la confrontaci\u00f3n interna. \u201cEl partido muestra madurez y responsabilidad gracias al aporte de todos. Los dirigentes que ten\u00edan justas aspiraciones a cargos en el Comit\u00e9 y la Convenci\u00f3n Provincial los dejaron de lado para priorizar la unidad\u201d. El logro \u201ces un reflejo de la construcci\u00f3n que logr\u00f3 el vicegobernador Salvador. Muestra la forma de generar consensos y construcci\u00f3n colectiva\u201d.<\/p>\n<p>\u201cLa interna moviliza y genera debates, pero por la situaci\u00f3n que atravesamos no es el momento indicado para una contienda\u201d, justific\u00f3. \u201cHay que seguir gobernando y Cambiemos tiene que ser m\u00e1s fuerte\u201d.<\/p>\n<p>En este sentido, las posiciones internas no eran antag\u00f3nicas. Los salvadoristas Bello y David Cejas; el possista presidente del Consejo Escolar, Eduardo Maddonni; y Locatti, vinculado al diputado nacional Miguel Bazze, coinciden en fortalecer al radicalismo en el armado en Cambiemos. \u201cLas aspiraciones de cada uno eran justas. Hay que destacar la disposici\u00f3n para lograr una construcci\u00f3n madura y con respeto\u201d, celebr\u00f3 el futuro presidente.<\/p>\n<p>Por su parte, Bello pidi\u00f3 que este \u201ctrabajo de integraci\u00f3n tan largo deje satisfechos a todos los sectores y que lime diferencias pol\u00edticas y personales\u201d. \u201cEl 99 % de los militantes quiere estar en Cambiemos\u201d, remarc\u00f3.<\/p>\n<p><strong>EL NUEVO COMIT\u00c9<\/strong><\/p>\n<p>Las sillas principales de la nueva mesa de autoridades ser\u00e1n ocupadas desde fin de mes por el sector salvadorista, y tendr\u00e1 espacio para referentes del possismo como Maddonni. El ex intendente H\u00e9ctor Dattoli y Marcelo Uscheroff ser\u00e1n convencionales provinciales. Los primeros lugares de la lista:<\/p>\n<p>Sebasti\u00e1n Pereiro- Presidente<\/p>\n<p>V\u00edctor Hugo Montes- Vicepresidente<\/p>\n<p>Tesorera- Natalia Fern\u00e1ndez<\/p>\n<p>Secretario General- Germ\u00e1n Montenegro<\/p>\n<p>Vocal- Eduardo Maddonni<\/p>\n<p><strong>Candidatos a la Convenci\u00f3n Provincial:<\/strong><\/p>\n<p>1- H\u00e9ctor Dattoli<\/p>\n<p>2- Laura Lomba<\/p>\n<p>3- Marcelo \u201cLocatti\u201d Uscheroff<\/p>\n<p><strong>RADICALES DE CARA A LA\u00a0 COMUNIDAD<\/strong><\/p>\n<p>Pereiro prometi\u00f3 que al frente del comit\u00e9 priorizar\u00e1 la relaci\u00f3n con la comunidad. \u201cBuscamos posicionar al radicalismo frente a la sociedad de Tres de Febrero. Trataremos de dar otro dinamismo a la forma de construcci\u00f3n de propuestas y la comunicaci\u00f3n con los vecinos\u201d.<\/p>\n<p>\u201cCreemos en la importancia del comit\u00e9, las instituciones, de nuestra historia, de nuestros procesos. Pero tambi\u00e9n es cierto que la forma de comunicarse con los vecinos debe ser m\u00e1s directa, de escucha, de generaci\u00f3n de propuestas y de soluci\u00f3n de los problemas\u201d, analiz\u00f3.<\/p>\n<p>En cuanto a la gesti\u00f3n de intendente Diego Valenzuela, el dirigente consider\u00f3 que los radicales \u201ctenemos injerencia en muchas \u00e1reas. Y en las que no, de todos modos nos sentimos representados en las pol\u00edticas p\u00fablicas\u201d. \u201cEstamos convencidos de que podemos construir un mejor Tres de Febrero\u201d.<\/p>\n","protected":false},"excerpt":{"rendered":"<p>Tras d\u00edas de negociaciones, el Comit\u00e9 de Distrito Tres de Febrero se aline\u00f3 con la c\u00fapula bonaerense y unific\u00f3 listas. Sebasti\u00e1n Pereiro, subsecretario de Protecci\u00f3n de Derechos Humanos de Buenos Aires, encabeza la lista y ser\u00e1 el pr\u00f3ximo presidente. Finalmente cerraron filas entre el sector nucleado detr\u00e1s del concejal Marcelo Bello y el representado por [&hellip;]<\/p>\n","protected":false},"author":1,"featured_media":11713,"comment_status":"closed","ping_status":"open","sticky":false,"template":"","format":"standard","meta":{"footnotes":""},"categories":[20,48,31,26],"tags":[],"class_list":{"0":"post-11712","1":"post","2":"type-post","3":"status-publish","4":"format-standard","5":"has-post-thumbnail","7":"category-municipios","8":"category-politica-argentina","9":"category-provincia","10":"category-tres-de-febrero"},"aioseo_notices":[],"_links":{"self":[{"href":"https:\/\/guiadenoticias.com.ar\/diario\/wp-json\/wp\/v2\/posts\/11712","targetHints":{"allow":["GET"]}}],"collection":[{"href":"https:\/\/guiadenoticias.com.ar\/diario\/wp-json\/wp\/v2\/posts"}],"about":[{"href":"https:\/\/guiadenoticias.com.ar\/diario\/wp-json\/wp\/v2\/types\/post"}],"author":[{"embeddable":true,"href":"https:\/\/guiadenoticias.com.ar\/diario\/wp-json\/wp\/v2\/users\/1"}],"replies":[{"embeddable":true,"href":"https:\/\/guiadenoticias.com.ar\/diario\/wp-json\/wp\/v2\/comments?post=11712"}],"version-history":[{"count":1,"href":"https:\/\/guiadenoticias.com.ar\/diario\/wp-json\/wp\/v2\/posts\/11712\/revisions"}],"predecessor-version":[{"id":11714,"href":"https:\/\/guiadenoticias.com.ar\/diario\/wp-json\/wp\/v2\/posts\/11712\/revisions\/11714"}],"wp:featuredmedia":[{"embeddable":true,"href":"https:\/\/guiadenoticias.com.ar\/diario\/wp-json\/wp\/v2\/media\/11713"}],"wp:attachment":[{"href":"https:\/\/guiadenoticias.com.ar\/diario\/wp-json\/wp\/v2\/media?parent=11712"}],"wp:term":[{"taxonomy":"category","embeddable":true,"href":"https:\/\/guiadenoticias.com.ar\/diario\/wp-json\/wp\/v2\/categories?post=11712"},{"taxonomy":"post_tag","embeddable":true,"href":"https:\/\/guiadenoticias.com.ar\/diario\/wp-json\/wp\/v2\/tags?post=11712"}],"curies":[{"name":"wp","href":"https:\/\/api.w.org\/{rel}","templated":true}]}}