{"id":11804,"date":"2018-10-17T01:52:00","date_gmt":"2018-10-17T04:52:00","guid":{"rendered":"http:\/\/guiadenoticias.com.ar\/diario\/?p=11804"},"modified":"2018-10-17T01:52:20","modified_gmt":"2018-10-17T04:52:20","slug":"hugo-moyano-denuncio-presiones-y-arremetio-contra-el-gobierno","status":"publish","type":"post","link":"https:\/\/guiadenoticias.com.ar\/diario\/hugo-moyano-denuncio-presiones-y-arremetio-contra-el-gobierno\/","title":{"rendered":"Hugo Moyano denunci\u00f3 presiones y arremeti\u00f3 contra el Gobierno"},"content":{"rendered":"<p>El juez Luis Carzoglio rechaz\u00f3 hoy el pedido del fiscal Sebasti\u00e1n Scalera para detener a Pablo Moyano por presunta asociaci\u00f3n il\u00edcita vinculada con la barra brava de Independiente. La noticia coincidi\u00f3 con una movilizaci\u00f3n de Camioneros, encabezada por Hugo Moyano, cuyo gremio pas\u00f3 a un cuarto intermedio con los empresarios del sector, que el jueves pr\u00f3ximo har\u00e1n una nueva propuesta salarial para recuperar \u00abel 17 por ciento que hemos perdido por la inflaci\u00f3n\u201d.<\/p>\n<p>Adem\u00e1s, el dirigente acus\u00f3 al Gobierno de haber presionado al magistrado, que \u201cse la banc\u00f3\u201d y llam\u00f3 a la unidad del campo popular para derrotar al macrismo en 2019.<\/p>\n<p>Moyano confirm\u00f3 la decisi\u00f3n del juez a la multitud que lo acompa\u00f1\u00f3 a la reuni\u00f3n en la Direcci\u00f3n de Relaciones del Trabajo, en la avenida Callao. \u201cHabl\u00e9 con mi hijo, y me dijo que no le interesa lo que pase con \u00e9l, sino que no aflojemos en la pelea por la dignidad de los trabajadores\u201d. El l\u00edder de Camioneros adelant\u00f3 que el jueves, cuando su hijo y secretario adjunto regreso al pa\u00eds de un congreso en Singapur habr\u00e1 una movilizaci\u00f3n a Ezeiza \u201cno s\u00f3lo de nuestra organizaci\u00f3n, sino de otros sectores\u201d.<\/p>\n<p>Ponder\u00f3 asimismo lo dictaminado por Carzoglio. \u201cHa tenido la suficiente grandeza para no claudicar ante las presiones de todos los funcionarios, sobre todo los que se encargan de la seguridad, entre comillas, de ellos, no de la gente\u201d. Y calific\u00f3 a la alianza gobernante como un \u00abgobierno gorila y antiobrero\u201d.<\/p>\n<p>\u201cEs un gobierno gorila, con perd\u00f3n de los animales, no tiene sensibilidad para nada. No le interesa el hombre de trabajo\u201d, agreg\u00f3 Moyano, quien remarc\u00f3 que \u00abno es menos cierto que a los trabajadores les falta el plato de comida\u201d.<\/p>\n<p>Tambi\u00e9n denunci\u00f3 que \u201chablan de la corrupci\u00f3n, pero no dicen nada de la plata del Correo\u201d, y se pregunt\u00f3 \u00ab\u00bfd\u00f3nde est\u00e1 la plata que se llev\u00f3 el padre del Presidente?\u201d. \u201cLlevan al pa\u00eds al desastre, si hasta hay una oficina del Fondo Monetario en el Banco Central\u201d, a\u00f1adi\u00f3.<\/p>\n<p>Moyano hizo un llamamiento a la unidad. \u201cEs una verg\u00fcenza lo que pasa en el pa\u00eds. Los trabajadores tenemos que seguir luchando. Hay que unirnos, todos, hacer el esfuerzo para que el a\u00f1o pr\u00f3ximo termine este desastre\u201d.<\/p>\n<p><strong>LA PUJA JUDICIAL<\/strong><\/p>\n<p>El juez de Avellaneda Luis Carzoglio, quien rechaz\u00f3 la detenci\u00f3n de Pablo Moyano, denunci\u00f3 una campa\u00f1a medi\u00e1tica en su contra y confirm\u00f3 que su familia recibi\u00f3 \u00abamenazas de muerte\u00bb, adem\u00e1s de acusar \u00abal personal de la Fiscal\u00eda General de C\u00e1mara de Lomas de Zamora\u00bb por la difusi\u00f3n de la resoluci\u00f3n que beneficia al secretario adjunto del Sindicato de Choferes de Camiones.<\/p>\n<p>El magistrado tambi\u00e9n apunt\u00f3 contra la Procuraci\u00f3n de la provincia de Buenos Aires por los datos sobre su carrera judicial que circularon en algunos diarios y canales de televisi\u00f3n y que, seg\u00fan remarc\u00f3, \u00abs\u00f3lo ten\u00edan\u00bb las autoridades de este organismo.<\/p>\n<p>Carzoglio habl\u00f3 ante los periodistas en una improvisada conferencia de prensa que convoc\u00f3 horas despu\u00e9s del pronunciamiento de Moyano. All\u00ed responsabiliz\u00f3 la Procuraci\u00f3n, a cargo de Julio Conte Grand, de haber filtrado datos suyos con el prop\u00f3sito de condicionar su definici\u00f3n sobre el pedido de arresto de Moyano. \u201cNo me van a correr con carpetazos\u201d, dijo en relaci\u00f3n a notas publicadas sobre su paso como director del cementerio de Avellaneda, publicadas en\u00a0 Clar\u00edn y La Naci\u00f3n, medios a los que involucr\u00f3 en la maniobra.<\/p>\n<p>Sobre el pedido de detenci\u00f3n de Moyano explic\u00f3 que lo rechaz\u00f3 por \u201cendeble\u201d y remarc\u00f3 que lleg\u00f3 a juez no por un \u201cregalo\u201d sino porque \u201caprob\u00e9 un examen, me ternaron para fiscal y para juez\u201d para rechazar las versiones de que ocupa el cargo por sus v\u00ednculos pol\u00edticos. \u201cSoy juez de garant\u00edas y voy a honrar el cargo\u201d, remat\u00f3.<\/p>\n<p>Por su parte, Conte Grand neg\u00f3 que fuese ese organismo el que filtrara la informaci\u00f3n personal del juez publicada en los diarios y que el magistrado denunci\u00f3 como \u00abcarpetazos\u00bb para presionarlo en su decisi\u00f3n de aceptar la detenci\u00f3n preventiva de Pablo Moyano.<\/p>\n<p>Adem\u00e1s, el procurador sugiri\u00f3 que Carzoglio podr\u00eda haber mentido al denunciar que fue amenazado de muerte tras conocerse su decisi\u00f3n y le advirti\u00f3: \u00abSe va a someter al riesgo de haber declarado falsamente e incurrir en un delito\u00bb.<\/p>\n<p>En ese sentido adelant\u00f3 que orden\u00f3 personalmente que se abra un proceso de investigaci\u00f3n penal preparatoria para actuar de oficio por la denuncia de amenazas de muerte hechas por el juez Carzoglio.<\/p>\n","protected":false},"excerpt":{"rendered":"<p>El juez Luis Carzoglio rechaz\u00f3 hoy el pedido del fiscal Sebasti\u00e1n Scalera para detener a Pablo Moyano por presunta asociaci\u00f3n il\u00edcita vinculada con la barra brava de Independiente. La noticia coincidi\u00f3 con una movilizaci\u00f3n de Camioneros, encabezada por Hugo Moyano, cuyo gremio pas\u00f3 a un cuarto intermedio con los empresarios del sector, que el jueves [&hellip;]<\/p>\n","protected":false},"author":1,"featured_media":11805,"comment_status":"closed","ping_status":"open","sticky":false,"template":"","format":"standard","meta":{"footnotes":""},"categories":[49,30,48],"tags":[],"class_list":{"0":"post-11804","1":"post","2":"type-post","3":"status-publish","4":"format-standard","5":"has-post-thumbnail","7":"category-economia-y-gremiales","8":"category-nacion","9":"category-politica-argentina"},"aioseo_notices":[],"_links":{"self":[{"href":"https:\/\/guiadenoticias.com.ar\/diario\/wp-json\/wp\/v2\/posts\/11804","targetHints":{"allow":["GET"]}}],"collection":[{"href":"https:\/\/guiadenoticias.com.ar\/diario\/wp-json\/wp\/v2\/posts"}],"about":[{"href":"https:\/\/guiadenoticias.com.ar\/diario\/wp-json\/wp\/v2\/types\/post"}],"author":[{"embeddable":true,"href":"https:\/\/guiadenoticias.com.ar\/diario\/wp-json\/wp\/v2\/users\/1"}],"replies":[{"embeddable":true,"href":"https:\/\/guiadenoticias.com.ar\/diario\/wp-json\/wp\/v2\/comments?post=11804"}],"version-history":[{"count":1,"href":"https:\/\/guiadenoticias.com.ar\/diario\/wp-json\/wp\/v2\/posts\/11804\/revisions"}],"predecessor-version":[{"id":11806,"href":"https:\/\/guiadenoticias.com.ar\/diario\/wp-json\/wp\/v2\/posts\/11804\/revisions\/11806"}],"wp:featuredmedia":[{"embeddable":true,"href":"https:\/\/guiadenoticias.com.ar\/diario\/wp-json\/wp\/v2\/media\/11805"}],"wp:attachment":[{"href":"https:\/\/guiadenoticias.com.ar\/diario\/wp-json\/wp\/v2\/media?parent=11804"}],"wp:term":[{"taxonomy":"category","embeddable":true,"href":"https:\/\/guiadenoticias.com.ar\/diario\/wp-json\/wp\/v2\/categories?post=11804"},{"taxonomy":"post_tag","embeddable":true,"href":"https:\/\/guiadenoticias.com.ar\/diario\/wp-json\/wp\/v2\/tags?post=11804"}],"curies":[{"name":"wp","href":"https:\/\/api.w.org\/{rel}","templated":true}]}}