{"id":11812,"date":"2018-10-18T13:54:07","date_gmt":"2018-10-18T16:54:07","guid":{"rendered":"http:\/\/guiadenoticias.com.ar\/diario\/?p=11812"},"modified":"2018-10-18T13:54:43","modified_gmt":"2018-10-18T16:54:43","slug":"scioli-las-propuestas-de-2015-estan-mas-vigentes-que-nunca","status":"publish","type":"post","link":"https:\/\/guiadenoticias.com.ar\/diario\/scioli-las-propuestas-de-2015-estan-mas-vigentes-que-nunca\/","title":{"rendered":"Scioli: \u201cLas propuestas de 2015 est\u00e1n m\u00e1s vigentes que nunca\u201d"},"content":{"rendered":"<p>Previo a su participaci\u00f3n en el acto realizado en Tucum\u00e1n por el D\u00eda de la Lealtad, el ex gobernador Daniel Scioli form\u00f3 parte del lanzamiento de la mesa empresaria del Partido Justicialista. Varias se\u00f1ales en las \u00faltimas horas.<\/p>\n<p>El evento se realiz\u00f3 en la sede nacional, ubicada en la calle Matheu. A su lado estuvieron Jos\u00e9 Luis Gioja, presidente del PJ; Juli\u00e1n Dom\u00ednguez, ex titular de la C\u00e1mara de Diputados; Leonardo Nardini, intendente de Malvinas Argentinas, y alrededor de un centenar de empresarios Pymes.<\/p>\n<p>El lugar elegido por el diputado para volver al mapa pol\u00edtico no fue casual, la problem\u00e1tica de los industriales que afecta directamente al empleo \u00a0se transform\u00f3 en un reclamo transversal a los espacios partidarios. De esta forma busca correrse de la discusi\u00f3n interna y las tensiones entre kirchneristas y peronistas no K, para alinearse con un consenso, como el\u00a0 que lo llev\u00f3\u00a0en 2015 a ser candidato presidencial.<\/p>\n<p>En di\u00e1logo con Gu\u00eda de Noticias, el ex vicepresidente afirm\u00f3, \u201cacept\u00e9 la invitaci\u00f3n para participar en el acto de Tucum\u00e1n porque respeto much\u00edsimo al gobernador Manzur y porque fue una oportunidad para agradecer el apoyo que el pueblo tucumano me dio en el a\u00f1o 2015\u201d.<\/p>\n<p>Consultado sobre la cantidad de actos por el D\u00eda de la Lealtad, consider\u00f3: \u201cNo me parece una debilidad, al contrario, que haya tantos encuentros me parece una fortaleza y una muestra de diversidad del movimiento\u201d.<\/p>\n<p>El grupo de empresarios que particip\u00f3 del evento, encabezado por Marcelo Fern\u00e1ndez, presidente de la Confederaci\u00f3n General Empresaria de la Rep\u00fablica Argentina, busca dar visibilidad a sus reclamos por la ca\u00edda del consumo, apertura de importaciones y tarifazo; pero tambi\u00e9n jugar pol\u00edticamente. Muchos de los presentes ya acompa\u00f1aron la precandidatura de Juli\u00e1n Dom\u00ednguez, cuando perdi\u00f3 la interna por la gobernaci\u00f3n bonaerense contra An\u00edbal Fern\u00e1ndez.<\/p>\n<p>Uno de los ejes que apuntala el relanzamiento de Scioli son las predicciones que hizo en el debate presidencial sobre los efectos de las pol\u00edticas econ\u00f3micas del macrismo. \u201cEn lugar de impulsar la producci\u00f3n se\u00a0 estimula la especulaci\u00f3n financiera, todo el mundo se est\u00e1 planteando de qu\u00e9 manera protege a sus trabajadores, desde la recesi\u00f3n s\u00f3lo se genera un circulo negativo, tarifas impagables,\u00a0altas tasas de inter\u00e9s, ca\u00edda del consumo. Lo se\u00f1al\u00e9 en su momento y esas propuestas hoy est\u00e1n m\u00e1s vigentes que nunca\u201d, se\u00f1al\u00f3 Scioli.<\/p>\n<p>Adem\u00e1s, hizo referencia al rechazado pedido de detenci\u00f3n que solicit\u00f3 el fiscal Scalera para Pablo Moyano: \u201cParte de normalizar la Argentina es que cada cosa se pueda desarrollar en el \u00e1mbito correspondiente con total libertad, que no se judicialice la pol\u00edtica, que no se politice la Justicia, que el Ejecutivo haga lo suyo y demos muestra de madurez democr\u00e1tica\u201d.<\/p>\n","protected":false},"excerpt":{"rendered":"<p>Previo a su participaci\u00f3n en el acto realizado en Tucum\u00e1n por el D\u00eda de la Lealtad, el ex gobernador Daniel Scioli form\u00f3 parte del lanzamiento de la mesa empresaria del Partido Justicialista. Varias se\u00f1ales en las \u00faltimas horas. El evento se realiz\u00f3 en la sede nacional, ubicada en la calle Matheu. A su lado estuvieron [&hellip;]<\/p>\n","protected":false},"author":1,"featured_media":11813,"comment_status":"closed","ping_status":"open","sticky":false,"template":"","format":"standard","meta":{"footnotes":""},"categories":[49,30,48],"tags":[],"class_list":{"0":"post-11812","1":"post","2":"type-post","3":"status-publish","4":"format-standard","5":"has-post-thumbnail","7":"category-economia-y-gremiales","8":"category-nacion","9":"category-politica-argentina"},"aioseo_notices":[],"_links":{"self":[{"href":"https:\/\/guiadenoticias.com.ar\/diario\/wp-json\/wp\/v2\/posts\/11812","targetHints":{"allow":["GET"]}}],"collection":[{"href":"https:\/\/guiadenoticias.com.ar\/diario\/wp-json\/wp\/v2\/posts"}],"about":[{"href":"https:\/\/guiadenoticias.com.ar\/diario\/wp-json\/wp\/v2\/types\/post"}],"author":[{"embeddable":true,"href":"https:\/\/guiadenoticias.com.ar\/diario\/wp-json\/wp\/v2\/users\/1"}],"replies":[{"embeddable":true,"href":"https:\/\/guiadenoticias.com.ar\/diario\/wp-json\/wp\/v2\/comments?post=11812"}],"version-history":[{"count":1,"href":"https:\/\/guiadenoticias.com.ar\/diario\/wp-json\/wp\/v2\/posts\/11812\/revisions"}],"predecessor-version":[{"id":11814,"href":"https:\/\/guiadenoticias.com.ar\/diario\/wp-json\/wp\/v2\/posts\/11812\/revisions\/11814"}],"wp:featuredmedia":[{"embeddable":true,"href":"https:\/\/guiadenoticias.com.ar\/diario\/wp-json\/wp\/v2\/media\/11813"}],"wp:attachment":[{"href":"https:\/\/guiadenoticias.com.ar\/diario\/wp-json\/wp\/v2\/media?parent=11812"}],"wp:term":[{"taxonomy":"category","embeddable":true,"href":"https:\/\/guiadenoticias.com.ar\/diario\/wp-json\/wp\/v2\/categories?post=11812"},{"taxonomy":"post_tag","embeddable":true,"href":"https:\/\/guiadenoticias.com.ar\/diario\/wp-json\/wp\/v2\/tags?post=11812"}],"curies":[{"name":"wp","href":"https:\/\/api.w.org\/{rel}","templated":true}]}}