{"id":11815,"date":"2018-10-18T14:31:20","date_gmt":"2018-10-18T17:31:20","guid":{"rendered":"http:\/\/guiadenoticias.com.ar\/diario\/?p=11815"},"modified":"2018-10-18T14:32:06","modified_gmt":"2018-10-18T17:32:06","slug":"robos-y-amenazas-en-el-inti","status":"publish","type":"post","link":"https:\/\/guiadenoticias.com.ar\/diario\/robos-y-amenazas-en-el-inti\/","title":{"rendered":"Robos y amenazas en el Inti"},"content":{"rendered":"<p>\u201cEn el d\u00eda de hoy, los compa\u00f1eros y compa\u00f1eras despedidxs del INTI que acampan y luchan por su reincorporaci\u00f3n desde hace casi nueve meses, encontraron un mensaje mafioso: dos balas en la entrada del acampe.<\/p>\n<p>En estos meses, las autoridades del INTI, la Polic\u00eda Federal y la seguridad privada de Murata, han hecho de todo para amedrentar a las y los compa\u00f1eros en lucha. Amenazarlos con el desalojo, cortarles el gas, el agua, perseguirlos; pero despu\u00e9s de lo ocurrido con la represi\u00f3n a los tiros el mes pasado en el ingreso al INTI, est\u00e1 amenaza se vuelve sumamente peligrosa.<\/p>\n<p>A eso se suma que, por la noche, mientras realizaban esta amenaza al acampe, entraron por la fuerza al local de ATE y robaron la computadora donde por supuesto estaba toda la informaci\u00f3n del conflicto, tr\u00e1mites legales, documentaci\u00f3n.<\/p>\n<p>Venimos denunciando la escalada represiva y de violencia en INTI. Nosotrxs no vamos a levantar el acampe ni a abandonar la lucha por la reincorporaci\u00f3n de todxs nuestrxs compa\u00f1erxs y por la defensa del Instituto. Ellos, hasta d\u00f3nde van a llegar. Hacemos responsables a Javier Ib\u00e1\u00f1ez y Ernesto Luna, autoridades del INTI, y al gobierno nacional en la figura de Patricia Bullrich, de la vida y la integridad f\u00edsica de las y los trabajadores\u201d.<\/p>\n","protected":false},"excerpt":{"rendered":"<p>\u201cEn el d\u00eda de hoy, los compa\u00f1eros y compa\u00f1eras despedidxs del INTI que acampan y luchan por su reincorporaci\u00f3n desde hace casi nueve meses, encontraron un mensaje mafioso: dos balas en la entrada del acampe. En estos meses, las autoridades del INTI, la Polic\u00eda Federal y la seguridad privada de Murata, han hecho de todo [&hellip;]<\/p>\n","protected":false},"author":1,"featured_media":11816,"comment_status":"closed","ping_status":"open","sticky":false,"template":"","format":"standard","meta":{"footnotes":""},"categories":[49,30,48],"tags":[],"class_list":{"0":"post-11815","1":"post","2":"type-post","3":"status-publish","4":"format-standard","5":"has-post-thumbnail","7":"category-economia-y-gremiales","8":"category-nacion","9":"category-politica-argentina"},"aioseo_notices":[],"_links":{"self":[{"href":"https:\/\/guiadenoticias.com.ar\/diario\/wp-json\/wp\/v2\/posts\/11815","targetHints":{"allow":["GET"]}}],"collection":[{"href":"https:\/\/guiadenoticias.com.ar\/diario\/wp-json\/wp\/v2\/posts"}],"about":[{"href":"https:\/\/guiadenoticias.com.ar\/diario\/wp-json\/wp\/v2\/types\/post"}],"author":[{"embeddable":true,"href":"https:\/\/guiadenoticias.com.ar\/diario\/wp-json\/wp\/v2\/users\/1"}],"replies":[{"embeddable":true,"href":"https:\/\/guiadenoticias.com.ar\/diario\/wp-json\/wp\/v2\/comments?post=11815"}],"version-history":[{"count":1,"href":"https:\/\/guiadenoticias.com.ar\/diario\/wp-json\/wp\/v2\/posts\/11815\/revisions"}],"predecessor-version":[{"id":11817,"href":"https:\/\/guiadenoticias.com.ar\/diario\/wp-json\/wp\/v2\/posts\/11815\/revisions\/11817"}],"wp:featuredmedia":[{"embeddable":true,"href":"https:\/\/guiadenoticias.com.ar\/diario\/wp-json\/wp\/v2\/media\/11816"}],"wp:attachment":[{"href":"https:\/\/guiadenoticias.com.ar\/diario\/wp-json\/wp\/v2\/media?parent=11815"}],"wp:term":[{"taxonomy":"category","embeddable":true,"href":"https:\/\/guiadenoticias.com.ar\/diario\/wp-json\/wp\/v2\/categories?post=11815"},{"taxonomy":"post_tag","embeddable":true,"href":"https:\/\/guiadenoticias.com.ar\/diario\/wp-json\/wp\/v2\/tags?post=11815"}],"curies":[{"name":"wp","href":"https:\/\/api.w.org\/{rel}","templated":true}]}}