{"id":11820,"date":"2018-10-18T16:05:06","date_gmt":"2018-10-18T19:05:06","guid":{"rendered":"http:\/\/guiadenoticias.com.ar\/diario\/?p=11820"},"modified":"2018-10-18T16:05:32","modified_gmt":"2018-10-18T19:05:32","slug":"moyano-y-las-lealtades-gremialistas","status":"publish","type":"post","link":"https:\/\/guiadenoticias.com.ar\/diario\/moyano-y-las-lealtades-gremialistas\/","title":{"rendered":"Moyano y las lealtades gremialistas"},"content":{"rendered":"<p>Hugo y Pablo Moyano tienen problemas con la Justicia, y con el gobierno de Cambiemos. En ese sentido, el l\u00edder de los Camioneros levanta cada vez m\u00e1s el tono del enfrentamiento con Macri. Por caso, esta semana habl\u00f3 primero de un \u201cgobierno gorila y antiobrero\u201d y llam\u00f3 despu\u00e9s a resistir camino a las elecciones 2019.<\/p>\n<p>El d\u00eda que el juez Carzoglio rechaz\u00f3 el pedido del fiscal Scalera para detener a Pablo Moyano por presunta asociaci\u00f3n il\u00edcita, su padre realiz\u00f3 una conferencia de prensa en el gremio, en la cual lo acompa\u00f1aron representantes de otros sindicatos: Omar Plaini (Canillitas), Hugo Yasky (CTA de los Trabajadores), Victorio Pirillo (Sindicato de Trabajadores Municipales de Vicente L\u00f3pez), entre otros. Ese abroquelamiento fue una se\u00f1al expl\u00edcita de lealtad sindical, aunque faltaron jugadores.<\/p>\n<p>Al cierre del encuentro, Hugo Moyano comparti\u00f3 foto con Rub\u00e9n \u201cCholo\u201d Garc\u00eda, titular de la FESIMUBO, quien es muy cr\u00edtico de Oscar Ruggiero, hist\u00f3rico dirigente al frente de la Federaci\u00f3n de los Municipales. Al retrato &#8211; con las remeras del STMVL &#8211; se sum\u00f3 Pirillo, que empuja por estos d\u00edas una nueva discusi\u00f3n paritaria con Jorge Macri.<\/p>\n<p>Luego del apoyo recibido por la Iglesia, este jueves a la tarde, Pablo Moyano llega a Ezeiza, all\u00ed lo esperar\u00eda una movilizaci\u00f3n. Pero, el acto ser\u00e1 en Esteban Echeverr\u00eda, donde los discursos prometen ser picantes.<\/p>\n","protected":false},"excerpt":{"rendered":"<p>Hugo y Pablo Moyano tienen problemas con la Justicia, y con el gobierno de Cambiemos. En ese sentido, el l\u00edder de los Camioneros levanta cada vez m\u00e1s el tono del enfrentamiento con Macri. Por caso, esta semana habl\u00f3 primero de un \u201cgobierno gorila y antiobrero\u201d y llam\u00f3 despu\u00e9s a resistir camino a las elecciones 2019. [&hellip;]<\/p>\n","protected":false},"author":1,"featured_media":11821,"comment_status":"closed","ping_status":"open","sticky":false,"template":"","format":"standard","meta":{"footnotes":""},"categories":[49,20,30,48,25],"tags":[],"class_list":{"0":"post-11820","1":"post","2":"type-post","3":"status-publish","4":"format-standard","5":"has-post-thumbnail","7":"category-economia-y-gremiales","8":"category-municipios","9":"category-nacion","10":"category-politica-argentina","11":"category-vicente-lopez"},"aioseo_notices":[],"_links":{"self":[{"href":"https:\/\/guiadenoticias.com.ar\/diario\/wp-json\/wp\/v2\/posts\/11820","targetHints":{"allow":["GET"]}}],"collection":[{"href":"https:\/\/guiadenoticias.com.ar\/diario\/wp-json\/wp\/v2\/posts"}],"about":[{"href":"https:\/\/guiadenoticias.com.ar\/diario\/wp-json\/wp\/v2\/types\/post"}],"author":[{"embeddable":true,"href":"https:\/\/guiadenoticias.com.ar\/diario\/wp-json\/wp\/v2\/users\/1"}],"replies":[{"embeddable":true,"href":"https:\/\/guiadenoticias.com.ar\/diario\/wp-json\/wp\/v2\/comments?post=11820"}],"version-history":[{"count":1,"href":"https:\/\/guiadenoticias.com.ar\/diario\/wp-json\/wp\/v2\/posts\/11820\/revisions"}],"predecessor-version":[{"id":11822,"href":"https:\/\/guiadenoticias.com.ar\/diario\/wp-json\/wp\/v2\/posts\/11820\/revisions\/11822"}],"wp:featuredmedia":[{"embeddable":true,"href":"https:\/\/guiadenoticias.com.ar\/diario\/wp-json\/wp\/v2\/media\/11821"}],"wp:attachment":[{"href":"https:\/\/guiadenoticias.com.ar\/diario\/wp-json\/wp\/v2\/media?parent=11820"}],"wp:term":[{"taxonomy":"category","embeddable":true,"href":"https:\/\/guiadenoticias.com.ar\/diario\/wp-json\/wp\/v2\/categories?post=11820"},{"taxonomy":"post_tag","embeddable":true,"href":"https:\/\/guiadenoticias.com.ar\/diario\/wp-json\/wp\/v2\/tags?post=11820"}],"curies":[{"name":"wp","href":"https:\/\/api.w.org\/{rel}","templated":true}]}}