{"id":11835,"date":"2018-10-21T22:30:36","date_gmt":"2018-10-22T01:30:36","guid":{"rendered":"http:\/\/guiadenoticias.com.ar\/diario\/?p=11835"},"modified":"2018-10-21T22:30:52","modified_gmt":"2018-10-22T01:30:52","slug":"misa-en-lujan-en-medio-de-la-tormenta-con-los-moyano","status":"publish","type":"post","link":"https:\/\/guiadenoticias.com.ar\/diario\/misa-en-lujan-en-medio-de-la-tormenta-con-los-moyano\/","title":{"rendered":"Misa en Luj\u00e1n en medio de la tormenta con los Moyano"},"content":{"rendered":"<p>El s\u00e1bado, despu\u00e9s de una semana intensa para su familia, Hugo Moyano recibi\u00f3 un gui\u00f1o de la Iglesia en la \u00abmisa ecum\u00e9nica\u00bb que organiz\u00f3 en Luj\u00e1n, donde bajo la consigna de \u00abpaz, pan y trabajo\u00bb los religiosos hicieron fuertes cr\u00edticas al modelo econ\u00f3mico y pidieron cambiarlo.<\/p>\n<p>Acompa\u00f1aron la iniciativa movimientos sociales, legisladores e intendentes peronistas; en la movilizaci\u00f3n, pautada hace varios d\u00edas, \u00a0no hubo carteles con consignas pol\u00edticas, s\u00f3lo banderas argentinas.<\/p>\n<p>Pablo Moyano estuvo sentado en primera fila, junto con Hugo Yasky, Daniel Scioli, Felipe Sol\u00e1, Guillermo Moreno, el presidente del PJ bonaerense, Gustavo Men\u00e9ndez, Ver\u00f3nica Magario y Fernando Espinoza. Tambi\u00e9n particip\u00f3 del encuentro Adolfo P\u00e9rez Esquivel.<\/p>\n<p>La convocatoria a la misa, que se realiz\u00f3 al mediod\u00eda, tambi\u00e9n fue hecha por Sergio Palazzo (Bancarios) y Ricardo Pignanelli (SMATA). Fue presidida desde un altar levantado en la vereda de la bas\u00edlica por el arzobispo de Mercedes \u2013 Luj\u00e1n, Agust\u00edn Radrizzani. \u00abQuiero felicitarlos que construyan una alternativa humana a la globalizaci\u00f3n excluyente. Que Dios les d\u00e9 coraje, perseverancia y pasi\u00f3n para seguir sembrando\u00bb, sostuvo el arzobispo. Y agreg\u00f3: \u00abExiste un sistema de avaricia, el sistema financiero es su m\u00e1xima expresi\u00f3n\u00bb.<\/p>\n<p>Adem\u00e1s, pastores evang\u00e9licos, religiosos jud\u00edos y musulmanes leyeron en conjunto una oraci\u00f3n ecum\u00e9nica en la que pidieron el cambio del modelo econ\u00f3mico. \u00abQue tanto el oficialismo como la oposici\u00f3n cambien el modelo econ\u00f3mico y convoquen a un acuerdo social\u00bb, sostuvieron.<\/p>\n<p>En ese marco, el hijo del l\u00edder de Camioneros desliz\u00f3 la intenci\u00f3n que haya otro paro antes de fin de a\u00f1o. \u00abHay una fuerte presi\u00f3n para llevar adelante un paro general para fin de mes o principio de noviembre\u00bb.<\/p>\n<p>La masiva marcha fue el dato pol\u00edtico del fin de semana. En ese marco hubo varias cr\u00edticas posteriores desde el oficialismo y parte de la oposici\u00f3n. En declaraciones a Radio Cooperativa, Pablo Moyano asegur\u00f3 que la misa celebrada en Luj\u00e1n tuvo el aval del Papa Francisco desde el Vaticano y la calific\u00f3 como \u00abhist\u00f3rica\u00bb y \u00abmultitudinaria\u00bb.<\/p>\n<p>\u201cEl Papa est\u00e1 preocupado por esta desgracia que tenemos como modelo econ\u00f3mico, que suma cada vez m\u00e1s pobres y desocupados a trav\u00e9s de la inflaci\u00f3n, y tenemos una muy buena relaci\u00f3n con el Papa Francisco. Sin dudas no se podr\u00eda haber realizado esta movilizaci\u00f3n en la Bas\u00edlica de Lujan sin su venia\u00bb, dijo.<\/p>\n","protected":false},"excerpt":{"rendered":"<p>El s\u00e1bado, despu\u00e9s de una semana intensa para su familia, Hugo Moyano recibi\u00f3 un gui\u00f1o de la Iglesia en la \u00abmisa ecum\u00e9nica\u00bb que organiz\u00f3 en Luj\u00e1n, donde bajo la consigna de \u00abpaz, pan y trabajo\u00bb los religiosos hicieron fuertes cr\u00edticas al modelo econ\u00f3mico y pidieron cambiarlo. Acompa\u00f1aron la iniciativa movimientos sociales, legisladores e intendentes peronistas; [&hellip;]<\/p>\n","protected":false},"author":1,"featured_media":11836,"comment_status":"closed","ping_status":"open","sticky":false,"template":"","format":"standard","meta":{"footnotes":""},"categories":[49,20,48,31],"tags":[],"class_list":{"0":"post-11835","1":"post","2":"type-post","3":"status-publish","4":"format-standard","5":"has-post-thumbnail","7":"category-economia-y-gremiales","8":"category-municipios","9":"category-politica-argentina","10":"category-provincia"},"aioseo_notices":[],"_links":{"self":[{"href":"https:\/\/guiadenoticias.com.ar\/diario\/wp-json\/wp\/v2\/posts\/11835","targetHints":{"allow":["GET"]}}],"collection":[{"href":"https:\/\/guiadenoticias.com.ar\/diario\/wp-json\/wp\/v2\/posts"}],"about":[{"href":"https:\/\/guiadenoticias.com.ar\/diario\/wp-json\/wp\/v2\/types\/post"}],"author":[{"embeddable":true,"href":"https:\/\/guiadenoticias.com.ar\/diario\/wp-json\/wp\/v2\/users\/1"}],"replies":[{"embeddable":true,"href":"https:\/\/guiadenoticias.com.ar\/diario\/wp-json\/wp\/v2\/comments?post=11835"}],"version-history":[{"count":1,"href":"https:\/\/guiadenoticias.com.ar\/diario\/wp-json\/wp\/v2\/posts\/11835\/revisions"}],"predecessor-version":[{"id":11837,"href":"https:\/\/guiadenoticias.com.ar\/diario\/wp-json\/wp\/v2\/posts\/11835\/revisions\/11837"}],"wp:featuredmedia":[{"embeddable":true,"href":"https:\/\/guiadenoticias.com.ar\/diario\/wp-json\/wp\/v2\/media\/11836"}],"wp:attachment":[{"href":"https:\/\/guiadenoticias.com.ar\/diario\/wp-json\/wp\/v2\/media?parent=11835"}],"wp:term":[{"taxonomy":"category","embeddable":true,"href":"https:\/\/guiadenoticias.com.ar\/diario\/wp-json\/wp\/v2\/categories?post=11835"},{"taxonomy":"post_tag","embeddable":true,"href":"https:\/\/guiadenoticias.com.ar\/diario\/wp-json\/wp\/v2\/tags?post=11835"}],"curies":[{"name":"wp","href":"https:\/\/api.w.org\/{rel}","templated":true}]}}