{"id":11872,"date":"2018-10-26T00:16:25","date_gmt":"2018-10-26T03:16:25","guid":{"rendered":"http:\/\/guiadenoticias.com.ar\/diario\/?p=11872"},"modified":"2018-10-26T00:16:42","modified_gmt":"2018-10-26T03:16:42","slug":"medida-de-fuerza-de-municipales-3f","status":"publish","type":"post","link":"https:\/\/guiadenoticias.com.ar\/diario\/medida-de-fuerza-de-municipales-3f\/","title":{"rendered":"Medida de fuerza de municipales 3F"},"content":{"rendered":"<p>Este jueves, y en un hecho in\u00e9dito en la historia reciente de Tres de Febrero, trabajadores municipales realizaron una medida de fuerza que incluy\u00f3 un cese parcial de actividades y una concentraci\u00f3n frente al edificio comunal. Convoc\u00f3 el ahora menos complaciente Sindicato de Municipales, comandado por Oscar Ruggiero, en rechazo del 7% de aumento que otorg\u00f3 en octubre el intendente Diego Valenzuela y que se suma al 15% cerrado hace unos meses.<\/p>\n<p>Desde el municipio destacaron que el 15 % de comienzo de a\u00f1o se pag\u00f3 en una sola vez, remarcando que en otros distritos se ofrece en cuotas, \u201clo que entendemos que es una p\u00e9rdida del poder adquisitivo para el bolsillo del empleado\u201d.<\/p>\n<p>\u201cPor la inflaci\u00f3n, el intendente decidi\u00f3 otorgar por decreto un 7 % m\u00e1s que se suma a ese aumento. Adem\u00e1s de los pagos extras por presentismo y puntualidad, tambi\u00e9n se suma el aumento en las bonificaciones que la Municipalidad otorg\u00f3 y que est\u00e1n muy por encima de la inflaci\u00f3n. Todo incluido en la paritaria\u201d.<\/p>\n<p>Advirtieron asimismo que \u201cla Municipalidad hace un esfuerzo significativo en ofrecer los mejores servicios y no detener la obra p\u00fablica, y es por eso que tenemos que ser cuidadosos para no entrar en d\u00e9ficit y seguir cumpliendo con nuestras obligaciones, como son los sueldos que quedan de ac\u00e1 a fin de a\u00f1o, los aguinaldos, la recolecci\u00f3n de residuos\u201d.<\/p>\n<p>Del lado del sindicato esperan quedar equiparados con el resto de los empleados estatales, que durante el a\u00f1o ara\u00f1aron un alza superior a Tres de Febrero. Reclamo atendible ante una proyecci\u00f3n de inflaci\u00f3n superior al 40 %, pero no menos cierto es el punto de partida, en el cual hace d\u00e9cadas los municipales eran postergados y hasta \u201cninguneados\u201d por la gesti\u00f3n curtista. Y siempre fue notorio el silencio sindical.<\/p>\n<p>Casualmente, ex curtistas armaron un gremio municipal &#8211; que no cuenta con personer\u00eda jur\u00eddica -, y est\u00e1n por estos d\u00edas muy activos. Enfrentan por igual a Valenzuela como a Ruggiero. As\u00ed como en algunos municipios del Conurbano apelan a los bonos para mejorar las condiciones de sus trabajadores, qui\u00e9n dice la gesti\u00f3n Cambiemos 3F estire los n\u00fameros y mejore la oferta.<\/p>\n","protected":false},"excerpt":{"rendered":"<p>Este jueves, y en un hecho in\u00e9dito en la historia reciente de Tres de Febrero, trabajadores municipales realizaron una medida de fuerza que incluy\u00f3 un cese parcial de actividades y una concentraci\u00f3n frente al edificio comunal. Convoc\u00f3 el ahora menos complaciente Sindicato de Municipales, comandado por Oscar Ruggiero, en rechazo del 7% de aumento que [&hellip;]<\/p>\n","protected":false},"author":1,"featured_media":11873,"comment_status":"closed","ping_status":"open","sticky":false,"template":"","format":"standard","meta":{"footnotes":""},"categories":[49,20,48,26],"tags":[],"class_list":{"0":"post-11872","1":"post","2":"type-post","3":"status-publish","4":"format-standard","5":"has-post-thumbnail","7":"category-economia-y-gremiales","8":"category-municipios","9":"category-politica-argentina","10":"category-tres-de-febrero"},"aioseo_notices":[],"_links":{"self":[{"href":"https:\/\/guiadenoticias.com.ar\/diario\/wp-json\/wp\/v2\/posts\/11872","targetHints":{"allow":["GET"]}}],"collection":[{"href":"https:\/\/guiadenoticias.com.ar\/diario\/wp-json\/wp\/v2\/posts"}],"about":[{"href":"https:\/\/guiadenoticias.com.ar\/diario\/wp-json\/wp\/v2\/types\/post"}],"author":[{"embeddable":true,"href":"https:\/\/guiadenoticias.com.ar\/diario\/wp-json\/wp\/v2\/users\/1"}],"replies":[{"embeddable":true,"href":"https:\/\/guiadenoticias.com.ar\/diario\/wp-json\/wp\/v2\/comments?post=11872"}],"version-history":[{"count":1,"href":"https:\/\/guiadenoticias.com.ar\/diario\/wp-json\/wp\/v2\/posts\/11872\/revisions"}],"predecessor-version":[{"id":11874,"href":"https:\/\/guiadenoticias.com.ar\/diario\/wp-json\/wp\/v2\/posts\/11872\/revisions\/11874"}],"wp:featuredmedia":[{"embeddable":true,"href":"https:\/\/guiadenoticias.com.ar\/diario\/wp-json\/wp\/v2\/media\/11873"}],"wp:attachment":[{"href":"https:\/\/guiadenoticias.com.ar\/diario\/wp-json\/wp\/v2\/media?parent=11872"}],"wp:term":[{"taxonomy":"category","embeddable":true,"href":"https:\/\/guiadenoticias.com.ar\/diario\/wp-json\/wp\/v2\/categories?post=11872"},{"taxonomy":"post_tag","embeddable":true,"href":"https:\/\/guiadenoticias.com.ar\/diario\/wp-json\/wp\/v2\/tags?post=11872"}],"curies":[{"name":"wp","href":"https:\/\/api.w.org\/{rel}","templated":true}]}}