{"id":11912,"date":"2018-10-31T21:52:43","date_gmt":"2018-11-01T00:52:43","guid":{"rendered":"http:\/\/guiadenoticias.com.ar\/diario\/?p=11912"},"modified":"2018-11-02T02:05:57","modified_gmt":"2018-11-02T05:05:57","slug":"ate-lista-verde-presento-candidatos-de-auxiliares-y-municipales-sm","status":"publish","type":"post","link":"https:\/\/guiadenoticias.com.ar\/diario\/ate-lista-verde-presento-candidatos-de-auxiliares-y-municipales-sm\/","title":{"rendered":"ATE Lista Verde present\u00f3 candidatos de auxiliares y municipales SM"},"content":{"rendered":"<p>La Lista Verde ANUSATE, conducci\u00f3n de ATE San Mart\u00edn, present\u00f3 sus candidatos para las Juntas Internas de los trabajadores municipales y auxiliares de educaci\u00f3n. Para ocupar las secretar\u00edas generales, el espacio referenciado en Pablo Garc\u00eda lleva a Selva N\u00fa\u00f1ez a la cabeza de los municipales y a Jos\u00e9 Alberto Gonz\u00e1lez en el sector educaci\u00f3n.<\/p>\n<p>Garc\u00eda, secretario de la seccional San Mart\u00edn, sostuvo ante Gu\u00eda de Noticias su convicci\u00f3n de ganar las internas ante la oposici\u00f3n Verde Blanca. \u201cEstamos convencidos de que vamos a ganar en los dos sectores. Demostramos las mejoras para los afiliados, que estamos presentes en todos los conflictos. La pol\u00edtica de ATE es mejorar las condiciones laborales de todos los trabajadores, contenerlos y acompa\u00f1arlos\u201d, explic\u00f3.<\/p>\n<p>Y el dirigente remarc\u00f3: \u201cEl orgullo de tener una candidata mujer en cada sector\u201d en referencia a Selva N\u00fa\u00f1ez y a Alejandra Campos, adjunta de Educaci\u00f3n.\u00a0 Resalt\u00f3, \u201ctenemos que trabajar en la igualdad de g\u00e9nero, la defensa de la ni\u00f1ez y los derechos de todas y todos los trabajadores. Creemos que las mujeres deben estar al frente de los sindicatos\u201d.<\/p>\n<p><strong>LA CANDIDATA DE LOS MUNICIPALES<\/strong><\/p>\n<p>N\u00fa\u00f1ez tiene 51 a\u00f1os y es empleada municipal desde hace 10 a\u00f1os como administrativa en el Hospital Fleming de Jos\u00e9 Le\u00f3n Su\u00e1rez. Fue delegada en otra etapa y ahora busca la Secretar\u00eda General en base \u201cal apoyo que tenemos de los compa\u00f1eros\u201d.<\/p>\n<p>La candidata est\u00e1 convencida de que la actual conducci\u00f3n de ATE San Mart\u00edn trae respuestas a sus compa\u00f1eros en general, no s\u00f3lo a los afiliados. \u201cSemanas atr\u00e1s reclamamos al intendente Gabriel Katopodis la indumentaria apropiada para los trabajadores del corral\u00f3n. Hace pocos d\u00edas, la recibieron gracias a la intervenci\u00f3n del sindicato\u201d, ejemplific\u00f3.<\/p>\n<p>Entre los puntos que reclama la Verde de ATE a la gesti\u00f3n comunal est\u00e1 el \u201cpase a planta de manera efectiva con la antig\u00fcedad de 10 a\u00f1os y un bono para fin de a\u00f1o para pasar un poco mejor las fiestas\u201d.<\/p>\n<p>\u201cEstamos convencidos de nuestro triunfo porque somos los mismos de siempre\u201d, manifest\u00f3 N\u00fa\u00f1ez. \u201cMuchos compa\u00f1eros afiliados a otras organizaciones se acercan a nosotros porque conf\u00edan\u201d, apunt\u00f3.<\/p>\n<p>En cuanto a la problem\u00e1tica salarial, mostr\u00f3 que su sueldo b\u00e1sico, como empleada en planta permanente, apenas supera los 11 mil pesos. \u201cConseguimos una buena suba de sueldo, de 30%. Pero, verdaderamente no alcanza, la inflaci\u00f3n nos gana\u201d, indic\u00f3. Cabe aclarar en este sentido que desde el \u00faltimo a\u00f1o ATE integra la mesa paritaria municipal en conjunto con los otros tres sindicatos.<\/p>\n<p>Los dirigentes sostienen que alrededor de 450 \u00a0municipales est\u00e1n en condiciones de votar las internas de ATE, en el marco de un crecimiento de las afiliaciones. Esperan que m\u00e1s de la mitad del padr\u00f3n se acerque a las urnas.<\/p>\n<p><strong>EL CANDIDATO DE EDUCACI\u00d3N<\/strong><\/p>\n<p>Jos\u00e9 Alberto Gonz\u00e1lez tambi\u00e9n tiene 51 a\u00f1os, es auxiliar hace cinco a\u00f1os en la Escuela Perito Moreno del centro de San Mart\u00edn y fue delegado normalizador. \u201cDesde hace un a\u00f1o, con la nueva gesti\u00f3n sindical se nota el cambio\u201d, resalt\u00f3 ante Gu\u00eda de Noticias. \u201cNo hay piedras en el camino, hay soluciones a las necesidades de los compa\u00f1eros\u201d. Por caso, el sindicato inform\u00f3 que provey\u00f3 la indumentaria laboral a los auxiliares de las escuelas, ante la falta del Estado provincial. Asimismo gestion\u00f3 con \u00e9xito cocinas nuevas para algunos establecimientos. \u201cAnte cualquier problema estamos presentes y acompa\u00f1amos en todos los tr\u00e1mites y reclamos\u201d, acot\u00f3 el auxiliar.<\/p>\n<p>Gonz\u00e1lez llam\u00f3 a acoplar las luchas de los docentes y los auxiliares, que los enfrentan al gobierno de Mar\u00eda Eugenia Vidal. \u201cApenas recibimos un aumento de 19% y por decreto nos otorgar\u00edan otro 10%\u201d, critic\u00f3. Por otro lado mencion\u00f3 que en la relaci\u00f3n con el Consejo Escolar, \u201cnecesitamos mejorar el di\u00e1logo, particularmente sobre la infraestructura, porque hace a nuestras condiciones de trabajo\u201d. El 7 de noviembre, m\u00e1s de 400 auxiliares podr\u00e1n participar de las elecciones de la Junta Interna.<\/p>\n","protected":false},"excerpt":{"rendered":"<p>La Lista Verde ANUSATE, conducci\u00f3n de ATE San Mart\u00edn, present\u00f3 sus candidatos para las Juntas Internas de los trabajadores municipales y auxiliares de educaci\u00f3n. Para ocupar las secretar\u00edas generales, el espacio referenciado en Pablo Garc\u00eda lleva a Selva N\u00fa\u00f1ez a la cabeza de los municipales y a Jos\u00e9 Alberto Gonz\u00e1lez en el sector educaci\u00f3n. Garc\u00eda, [&hellip;]<\/p>\n","protected":false},"author":1,"featured_media":11913,"comment_status":"closed","ping_status":"open","sticky":false,"template":"","format":"standard","meta":{"footnotes":""},"categories":[49,20,48,24],"tags":[],"class_list":{"0":"post-11912","1":"post","2":"type-post","3":"status-publish","4":"format-standard","5":"has-post-thumbnail","7":"category-economia-y-gremiales","8":"category-municipios","9":"category-politica-argentina","10":"category-san-martin"},"aioseo_notices":[],"_links":{"self":[{"href":"https:\/\/guiadenoticias.com.ar\/diario\/wp-json\/wp\/v2\/posts\/11912","targetHints":{"allow":["GET"]}}],"collection":[{"href":"https:\/\/guiadenoticias.com.ar\/diario\/wp-json\/wp\/v2\/posts"}],"about":[{"href":"https:\/\/guiadenoticias.com.ar\/diario\/wp-json\/wp\/v2\/types\/post"}],"author":[{"embeddable":true,"href":"https:\/\/guiadenoticias.com.ar\/diario\/wp-json\/wp\/v2\/users\/1"}],"replies":[{"embeddable":true,"href":"https:\/\/guiadenoticias.com.ar\/diario\/wp-json\/wp\/v2\/comments?post=11912"}],"version-history":[{"count":3,"href":"https:\/\/guiadenoticias.com.ar\/diario\/wp-json\/wp\/v2\/posts\/11912\/revisions"}],"predecessor-version":[{"id":11917,"href":"https:\/\/guiadenoticias.com.ar\/diario\/wp-json\/wp\/v2\/posts\/11912\/revisions\/11917"}],"wp:featuredmedia":[{"embeddable":true,"href":"https:\/\/guiadenoticias.com.ar\/diario\/wp-json\/wp\/v2\/media\/11913"}],"wp:attachment":[{"href":"https:\/\/guiadenoticias.com.ar\/diario\/wp-json\/wp\/v2\/media?parent=11912"}],"wp:term":[{"taxonomy":"category","embeddable":true,"href":"https:\/\/guiadenoticias.com.ar\/diario\/wp-json\/wp\/v2\/categories?post=11912"},{"taxonomy":"post_tag","embeddable":true,"href":"https:\/\/guiadenoticias.com.ar\/diario\/wp-json\/wp\/v2\/tags?post=11912"}],"curies":[{"name":"wp","href":"https:\/\/api.w.org\/{rel}","templated":true}]}}