{"id":11988,"date":"2018-11-15T15:31:54","date_gmt":"2018-11-15T18:31:54","guid":{"rendered":"http:\/\/guiadenoticias.com.ar\/diario\/?p=11988"},"modified":"2018-11-15T15:32:10","modified_gmt":"2018-11-15T18:32:10","slug":"el-senado-convirtio-en-ley-el-presupuesto-2019","status":"publish","type":"post","link":"https:\/\/guiadenoticias.com.ar\/diario\/el-senado-convirtio-en-ley-el-presupuesto-2019\/","title":{"rendered":"El Senado convirti\u00f3 en ley el Presupuesto 2019"},"content":{"rendered":"<p>Tal como se esperaba cuando comenz\u00f3 la jornada, Cambiemos logr\u00f3 los votos necesarios para convertir en ley el Presupuesto 2019 y cumpli\u00f3 con su objetivo de aprobar la \u00abley de leyes\u00bb antes de que comience el G20, el pr\u00f3ximo 30 de noviembre. Con apoyo de parte del peronismo, la votaci\u00f3n fue por 45 votos a favor, 24 en contra y 1 abstenci\u00f3n. Hubo dos senadores ausentes.<\/p>\n<p>El objetivo del Gobierno es lograr el \u00abd\u00e9ficit cero\u00bb, lo cual implicar\u00e1 un\u00a0 recorte de cerca de 300 mil millones de pesos, de los cuales 200 mil los har\u00e1 la Naci\u00f3n y los 100 mil restantes las provincias.<\/p>\n<p>Adem\u00e1s, el Senado le dio sanci\u00f3n definitiva a la adenda del Consenso Fiscal (48-12-0) y al reval\u00fao del Impuesto a las Ganancias (53-8-0), que hab\u00edan sido aprobados por la C\u00e1mara de Diputados. Con respecto a la suba del impuesto a los Bienes Personales, que tambi\u00e9n ten\u00eda media sanci\u00f3n de Diputados, recibi\u00f3 una modificaci\u00f3n introducida por Miguel \u00c1ngel Pichetto (57-4-0) y el proyecto volver\u00e1 a la C\u00e1mara baja para su sanci\u00f3n final.<\/p>\n<p>El debate se desarroll\u00f3 sin sobresaltos y con los discursos claramente polarizados. En Cambiemos hubo poco oradores que defendieron la norma, pero esto hab\u00eda sido pactado de antemano para agilizar el debate. Aunque no fue tan efectivo porque en la oposici\u00f3n muchos senadores tomaron la palabra para criticar el texto y quienes lo apoyaron utilizaron su tiempo para justificar su voto.<\/p>\n<p>El primero en hablar fue el presidente de la comisi\u00f3n de Presupuesto, Esteban Bullrich, quien realiz\u00f3 una encendida defensa de la ley: \u00abEs falso que consumir es mejor que ahorrar; es falso que ahorrar hoy para el futuro es reducir nuestros recursos; es falso que ordenar el Estado es ajustar oportunidades; y es falso tambi\u00e9n que los recursos del Estado son infinitos\u00bb.<\/p>\n<p>Asimismo, resalt\u00f3 que se prev\u00e9n una gran cantidad de obras y adelant\u00f3 que el objetivo el Gobierno es que para 2023 el 75% del pa\u00eds tenga cloacas. Y con respecto a la demanda de empleo, sentenci\u00f3: \u00abTiene que haber empleadores, emprendedores, empresarios. No sirve el pleno empleo si tenemos uno de cada cuatro trabajadores en el Estado. Gobernar no es dar trabajo, es crear las condiciones para que se genere trabajo\u00bb.<\/p>\n<p>Al ex ministro de Educaci\u00f3n lo sigui\u00f3 el presidente del bloque de Unidad Ciudadana, Marcelo Fuentes, que muy cr\u00edtico con la ley y con la gesti\u00f3n de Cambiemos: \u00abSolo ofrece a los argentinos m\u00e1s ajuste, precarizaci\u00f3n, endeudamiento y recesi\u00f3n\u00bb.<\/p>\n<p>Otro de los discursos duros contra el Gobierno fue el de Jos\u00e9 Mayans, que se centr\u00f3 en la deuda y en la inflaci\u00f3n: \u00abEste Gobierno ha tenido una de las inflaciones m\u00e1s altas de la historia argentina. Este a\u00f1o va a ser de casi el 50%\u00bb. \u00abLos resultados muestran que el programa econ\u00f3mico del Gobierno fracas\u00f3. La realidad que refleja este Presupuesto es la gente que no llega a fin de mes, que perdi\u00f3 el trabajo, que no puede acceder a los alimentos\u00bb, complet\u00f3.<\/p>\n<p>Durante su discurso de cierre, Cristina Fern\u00e1ndez realiz\u00f3 un repaso por hechos hist\u00f3ricos y mencion\u00f3 casos de pa\u00edses que apuntaron al d\u00e9ficit cero y fracasaron, entre ellos Portugal y Grecia. Luego se refiri\u00f3 a la coyuntura y realiz\u00f3 una cruda cr\u00edtica a la pol\u00edtica econ\u00f3mica.<\/p>\n<p>\u00abEstamos yendo por el peor camino. Van a dejar un pa\u00eds infinitamente peor del que recibieron. Parece mentira que hoy le hayamos pedido 57 mil millones de d\u00f3lares al FMI. \u00bfRealmente piensan que esta va a ser la soluci\u00f3n? \u00bfPuede alg\u00fan argentino creer que la soluci\u00f3n va a venir de ah\u00ed? Puedo entender los discursos de la pol\u00edtica, el coacheo medi\u00e1tico, pero es hora de que convoquen. Si no quieren convocar a los que estaban antes, no importa, pero tienen que organizar algo porque esto se va a tornar insostenible\u00bb, dispar\u00f3.<\/p>\n<p>Y a\u00f1adi\u00f3: \u00abSe la pasaron hablando durante dos a\u00f1os de la pesada herencia y la verdad nadie sabe c\u00f3mo se va a hacer para pagar en 2020 la formidable deuda que han contra\u00eddo y no se sabe d\u00f3nde est\u00e1. \u00bfEst\u00e1 en obras? \u00bfNetbooks? \u00bfEscuelas? \u00bfHospitales? \u00bfRutas? \u00bfMejores salarios para universitarios y cient\u00edficos? \u00bfD\u00f3nde fue toda la deuda que contrajeron?\u00bb.<\/p>\n<p>A su turno, Pichetto \u2013 art\u00edfice del acuerdo con gobernadores de la oposici\u00f3n &#8211; realiz\u00f3 una alocuci\u00f3n equilibrada entre cr\u00edticas al macrismo y la necesidad de apoyar el Presupuesto, al que defini\u00f3 \u00abde crisis\u00bb. Sobre lo \u00faltimo, se justific\u00f3: \u00abNo votar el Presupuesto no cambia lo malo del plan econ\u00f3mico. A este Presupuesto hay que votarlo a pesar de que ustedes digan pavadas cuando se levantan\u00bb.<\/p>\n<p>Sin embargo, esto no impidi\u00f3 que el jefe de la bancada peronista fuera muy duro con los funcionarios nacionales: \u00abVol\u00f3 todo por los aires este a\u00f1o porque se equivocaron, tienen ataques de p\u00e1nico. No aguantan ninguna presi\u00f3n\u00bb.<\/p>\n","protected":false},"excerpt":{"rendered":"<p>Tal como se esperaba cuando comenz\u00f3 la jornada, Cambiemos logr\u00f3 los votos necesarios para convertir en ley el Presupuesto 2019 y cumpli\u00f3 con su objetivo de aprobar la \u00abley de leyes\u00bb antes de que comience el G20, el pr\u00f3ximo 30 de noviembre. Con apoyo de parte del peronismo, la votaci\u00f3n fue por 45 votos a [&hellip;]<\/p>\n","protected":false},"author":1,"featured_media":11989,"comment_status":"closed","ping_status":"open","sticky":false,"template":"","format":"standard","meta":{"footnotes":""},"categories":[49,30,48],"tags":[],"class_list":{"0":"post-11988","1":"post","2":"type-post","3":"status-publish","4":"format-standard","5":"has-post-thumbnail","7":"category-economia-y-gremiales","8":"category-nacion","9":"category-politica-argentina"},"aioseo_notices":[],"_links":{"self":[{"href":"https:\/\/guiadenoticias.com.ar\/diario\/wp-json\/wp\/v2\/posts\/11988","targetHints":{"allow":["GET"]}}],"collection":[{"href":"https:\/\/guiadenoticias.com.ar\/diario\/wp-json\/wp\/v2\/posts"}],"about":[{"href":"https:\/\/guiadenoticias.com.ar\/diario\/wp-json\/wp\/v2\/types\/post"}],"author":[{"embeddable":true,"href":"https:\/\/guiadenoticias.com.ar\/diario\/wp-json\/wp\/v2\/users\/1"}],"replies":[{"embeddable":true,"href":"https:\/\/guiadenoticias.com.ar\/diario\/wp-json\/wp\/v2\/comments?post=11988"}],"version-history":[{"count":1,"href":"https:\/\/guiadenoticias.com.ar\/diario\/wp-json\/wp\/v2\/posts\/11988\/revisions"}],"predecessor-version":[{"id":11990,"href":"https:\/\/guiadenoticias.com.ar\/diario\/wp-json\/wp\/v2\/posts\/11988\/revisions\/11990"}],"wp:featuredmedia":[{"embeddable":true,"href":"https:\/\/guiadenoticias.com.ar\/diario\/wp-json\/wp\/v2\/media\/11989"}],"wp:attachment":[{"href":"https:\/\/guiadenoticias.com.ar\/diario\/wp-json\/wp\/v2\/media?parent=11988"}],"wp:term":[{"taxonomy":"category","embeddable":true,"href":"https:\/\/guiadenoticias.com.ar\/diario\/wp-json\/wp\/v2\/categories?post=11988"},{"taxonomy":"post_tag","embeddable":true,"href":"https:\/\/guiadenoticias.com.ar\/diario\/wp-json\/wp\/v2\/tags?post=11988"}],"curies":[{"name":"wp","href":"https:\/\/api.w.org\/{rel}","templated":true}]}}