{"id":12013,"date":"2018-11-18T19:55:17","date_gmt":"2018-11-18T22:55:17","guid":{"rendered":"http:\/\/guiadenoticias.com.ar\/diario\/?p=12013"},"modified":"2018-11-18T19:55:37","modified_gmt":"2018-11-18T22:55:37","slug":"nueva-jornada-de-fortalecimiento-pyme-en-ituzaingo","status":"publish","type":"post","link":"https:\/\/guiadenoticias.com.ar\/diario\/nueva-jornada-de-fortalecimiento-pyme-en-ituzaingo\/","title":{"rendered":"Nueva Jornada de Fortalecimiento Pyme en Ituzaing\u00f3"},"content":{"rendered":"<p>M\u00e1s de 150 peque\u00f1os y medianos empresarios locales participaron de una nueva Jornada de Fortalecimiento Pyme, organizada por el municipio en las instalaciones de la empresa ADOX S.A., con el objetivo de acercar nuevas herramientas a las empresas.<\/p>\n<p>La actividad, encabezada por el intendente Alberto Descalzo; la secretaria de Producci\u00f3n y Desarrollo Industrial, Sandra Rey; el presidente de la Confederaci\u00f3n General Empresaria, Marcelo Fern\u00e1ndez, y el representante de ADOX Javier Viqueira, cont\u00f3 con la asistencia de especialistas en el desarrollo de peque\u00f1as y medianas empresas, quienes abordaron temas como las normas de categorizaci\u00f3n de empresas, el desarrollo sostenible, las financiaciones de proyectos y exportaciones, certificaciones de calidad, estrategia empresarial y productividad.<\/p>\n<p>En su discurso, Descalzo se\u00f1al\u00f3 que \u201clas Pymes atraviesan un momento de crisis desde hace un largo tiempo. El a\u00f1o pasado declaramos la Emergencia Pyme, generamos rondas de negocios y jornadas como \u00e9sta para tratar de acercarnos a nuestros peque\u00f1os y medianos empresarios. Frente a un gobierno que decidi\u00f3 apostar a las grandes econom\u00edas concentradas, nosotros creemos que la salida est\u00e1 en un proyecto de desarrollo industrial, con participaci\u00f3n, crecimiento y trabajo para cada vez m\u00e1s vecinos y vecinas de Ituzaing\u00f3\u201d.<\/p>\n<p>Adem\u00e1s, la jornada cont\u00f3 con un sector de stands de diferentes organismos de financiaci\u00f3n y asesoramientos como el Grupo Banco Provincia, FOGABA, Garantizar, bancos privados, el Consejo Federal de Investigaciones (CFI) y la Agencia Argentina de Inversiones y Comercio Internacional, entre otros.<\/p>\n","protected":false},"excerpt":{"rendered":"<p>M\u00e1s de 150 peque\u00f1os y medianos empresarios locales participaron de una nueva Jornada de Fortalecimiento Pyme, organizada por el municipio en las instalaciones de la empresa ADOX S.A., con el objetivo de acercar nuevas herramientas a las empresas. La actividad, encabezada por el intendente Alberto Descalzo; la secretaria de Producci\u00f3n y Desarrollo Industrial, Sandra Rey; [&hellip;]<\/p>\n","protected":false},"author":1,"featured_media":12014,"comment_status":"closed","ping_status":"open","sticky":false,"template":"","format":"standard","meta":{"footnotes":""},"categories":[49,29,20],"tags":[],"class_list":{"0":"post-12013","1":"post","2":"type-post","3":"status-publish","4":"format-standard","5":"has-post-thumbnail","7":"category-economia-y-gremiales","8":"category-ituzaingo","9":"category-municipios"},"aioseo_notices":[],"_links":{"self":[{"href":"https:\/\/guiadenoticias.com.ar\/diario\/wp-json\/wp\/v2\/posts\/12013","targetHints":{"allow":["GET"]}}],"collection":[{"href":"https:\/\/guiadenoticias.com.ar\/diario\/wp-json\/wp\/v2\/posts"}],"about":[{"href":"https:\/\/guiadenoticias.com.ar\/diario\/wp-json\/wp\/v2\/types\/post"}],"author":[{"embeddable":true,"href":"https:\/\/guiadenoticias.com.ar\/diario\/wp-json\/wp\/v2\/users\/1"}],"replies":[{"embeddable":true,"href":"https:\/\/guiadenoticias.com.ar\/diario\/wp-json\/wp\/v2\/comments?post=12013"}],"version-history":[{"count":1,"href":"https:\/\/guiadenoticias.com.ar\/diario\/wp-json\/wp\/v2\/posts\/12013\/revisions"}],"predecessor-version":[{"id":12015,"href":"https:\/\/guiadenoticias.com.ar\/diario\/wp-json\/wp\/v2\/posts\/12013\/revisions\/12015"}],"wp:featuredmedia":[{"embeddable":true,"href":"https:\/\/guiadenoticias.com.ar\/diario\/wp-json\/wp\/v2\/media\/12014"}],"wp:attachment":[{"href":"https:\/\/guiadenoticias.com.ar\/diario\/wp-json\/wp\/v2\/media?parent=12013"}],"wp:term":[{"taxonomy":"category","embeddable":true,"href":"https:\/\/guiadenoticias.com.ar\/diario\/wp-json\/wp\/v2\/categories?post=12013"},{"taxonomy":"post_tag","embeddable":true,"href":"https:\/\/guiadenoticias.com.ar\/diario\/wp-json\/wp\/v2\/tags?post=12013"}],"curies":[{"name":"wp","href":"https:\/\/api.w.org\/{rel}","templated":true}]}}