{"id":12074,"date":"2018-12-04T13:10:56","date_gmt":"2018-12-04T16:10:56","guid":{"rendered":"http:\/\/guia-denoticias.com\/diario\/?p=12074"},"modified":"2018-12-04T13:11:10","modified_gmt":"2018-12-04T16:11:10","slug":"ate-san-martin-firmo-el-estatuto-del-empleado-municipal","status":"publish","type":"post","link":"https:\/\/guiadenoticias.com.ar\/diario\/ate-san-martin-firmo-el-estatuto-del-empleado-municipal\/","title":{"rendered":"ATE San Mart\u00edn firm\u00f3 el estatuto del empleado municipal"},"content":{"rendered":"<p>El estatuto de los trabajadores municipales de San Mart\u00edn fue firmado por ATE, as\u00ed como por el resto de las organizaciones gremiales locales. Los estatales, conducidos por Pablo Garc\u00eda, ponderaron el proceso de discusi\u00f3n, ya que lograron reconocimientos en carrera laboral, capacitaci\u00f3n y g\u00e9nero, entre otros aspectos. La normativa pasar\u00e1 por el recinto del Concejo Deliberante en diciembre, tras lo cual la Comuna y los gremios deber\u00e1n discutir un convenio colectivo.<\/p>\n<p>\u00c1ngel Catapano, secretario Gremial y representante del sindicato en las reuniones por el estatuto, dialog\u00f3 con Gu\u00eda de Noticias. \u201cEsta normativa permitir\u00e1 prestigiar al trabajo municipal y dignificar al trabajador\u201d, resalt\u00f3. En la mesa de discusi\u00f3n ATE empuj\u00f3 15 modificaciones en aspectos del borrador presentado por el gobierno de Gabriel Katopodis. ATE destac\u00f3 la apertura de la gesti\u00f3n municipal en el di\u00e1logo y la convergencia de las entidades sindicales.<\/p>\n<p>Por caso, Catapano remarc\u00f3 que \u201ccrea una comisi\u00f3n de interpretaci\u00f3n, trato y oportunidades que permitir\u00eda que todos los trabajadores municipales tengan el mismo trato y no dependan del \u00b4dedo\u00b4 para ascender\u201d.<\/p>\n<p>Al respecto, Selva N\u00fa\u00f1ez, flamante secretaria de la Junta Interna, destac\u00f3 que \u201clos compa\u00f1eros tendr\u00e1n voz y voto en las calificaciones y los concursos\u201d. \u201cCreemos que ahora pueden mejorar las condiciones de trabajo\u201d, agreg\u00f3.<\/p>\n<p>El secretario Gremial detall\u00f3 otras modificaciones admitidas por la Comuna: \u201cAceptaron la guarder\u00eda infantil, la cual es importante porque los compa\u00f1eros tambi\u00e9n son padres y madres y tienen derecho a que los hijos est\u00e9n cuidados. Tambi\u00e9n logramos la extensi\u00f3n de la licencia de paternidad a 15 d\u00edas; que haya respeto por la diversidad de g\u00e9nero con igualdad de oportunidades; y obligamos al cumplimiento con la ley de discapacidad\u201d, enumer\u00f3.<\/p>\n<p>Adem\u00e1s, dijo, \u201clogramos que el municipio asuma la obligaci\u00f3n de capacitar y formar de manera permanente a sus trabajadores, lo cual har\u00e1 posible la profesionalizaci\u00f3n\u201d.<\/p>\n<p>Por otro lado, un punto cr\u00edtico es la carrera de los profesionales de la salud. En este aspecto Catapano inform\u00f3 que el flamante estatuto reconoce a los m\u00e9dicos, farmac\u00e9uticos y bioqu\u00edmicos. Los m\u00e9dicos, aun si son docentes universitarios, ganan en San Mart\u00edn desde 20 mil pesos, un piso que los trabajadores exigen elevar. La enfermer\u00eda qued\u00f3 afuera del esquema, pero ATE reclamar\u00e1 su reconocimiento en el convenio colectivo.<\/p>\n<p>Otro punto pol\u00e9mico es la igualaci\u00f3n de los empleados de planta y los contratados. \u201cLogramos incorporar un reconocimiento y una equiparaci\u00f3n salarial de los compa\u00f1eros que no tienen la culpa de ser contratados. El Estado empleador tiene la obligaci\u00f3n de no precarizar\u201d, reclam\u00f3 el dirigente.<\/p>\n<p><strong>PROBLEMAS SALARIALES EN EDUCACI\u00d3N<\/strong><\/p>\n<p>El a\u00f1o que cierra, los trabajadores de la educaci\u00f3n han tensado la cuerda con el gobierno de Mar\u00eda Eugenia Vidal. La Asociaci\u00f3n de Trabajadores del Estado, que representa a los auxiliares, rechaz\u00f3 la \u00faltima oferta de un 20% en sinton\u00eda con el Frente de Unidad Docente.<\/p>\n<p>Para Jos\u00e9 Alberto Gonz\u00e1lez, secretario General de la Junta Interna de Educaci\u00f3n, apunt\u00f3 ante este medio que \u201cel acuerdo paritario firmado por la gobernadora significar\u00e1 para nosotros una p\u00e9rdida del 12% del salario en 2019, una suma similar a la que perdimos este a\u00f1o\u201d. Por el contrario, \u201cpedimos un incremento m\u00ednimo del 20% para igualar la inflaci\u00f3n y que se liquide en diciembre para arrancar el a\u00f1o con otra discusi\u00f3n\u201d. En otro orden, lo trabajadores provinciales recibir\u00e1n un bono de 7 mil pesos, pero a\u00fan no hay definici\u00f3n sobre si el pago ser\u00e1 en uno o dos tramos.<\/p>\n<p>Sin embargo, un reclamo constante de los auxiliares que ejercen suplencias es la liquidaci\u00f3n de sus salarios en tiempo y forma. \u201cHay atrasos al momento de registrar las licencias y entonces los suplentes, si no nos movemos, demoran meses en cobrar\u201d, destac\u00f3 Gonz\u00e1lez.<\/p>\n<p>Alejandra Campos, secretaria Adjunta de Educaci\u00f3n, alert\u00f3 que cerca de mil suplentes \u201cpodr\u00edan cesar el 31 de diciembre. Quedar\u00edan sin trabajo al menos por enero y febrero hasta los actos p\u00fablicos de marzo\u201d. Todav\u00eda no hay informaci\u00f3n oficial sobre una medida que el a\u00f1o pasado fue resistida por los gremios y Provincia tuvo que retrotraer.<\/p>\n","protected":false},"excerpt":{"rendered":"<p>El estatuto de los trabajadores municipales de San Mart\u00edn fue firmado por ATE, as\u00ed como por el resto de las organizaciones gremiales locales. Los estatales, conducidos por Pablo Garc\u00eda, ponderaron el proceso de discusi\u00f3n, ya que lograron reconocimientos en carrera laboral, capacitaci\u00f3n y g\u00e9nero, entre otros aspectos. La normativa pasar\u00e1 por el recinto del Concejo [&hellip;]<\/p>\n","protected":false},"author":1,"featured_media":12075,"comment_status":"closed","ping_status":"open","sticky":false,"template":"","format":"standard","meta":{"footnotes":""},"categories":[49,20,48,24],"tags":[],"class_list":{"0":"post-12074","1":"post","2":"type-post","3":"status-publish","4":"format-standard","5":"has-post-thumbnail","7":"category-economia-y-gremiales","8":"category-municipios","9":"category-politica-argentina","10":"category-san-martin"},"aioseo_notices":[],"_links":{"self":[{"href":"https:\/\/guiadenoticias.com.ar\/diario\/wp-json\/wp\/v2\/posts\/12074","targetHints":{"allow":["GET"]}}],"collection":[{"href":"https:\/\/guiadenoticias.com.ar\/diario\/wp-json\/wp\/v2\/posts"}],"about":[{"href":"https:\/\/guiadenoticias.com.ar\/diario\/wp-json\/wp\/v2\/types\/post"}],"author":[{"embeddable":true,"href":"https:\/\/guiadenoticias.com.ar\/diario\/wp-json\/wp\/v2\/users\/1"}],"replies":[{"embeddable":true,"href":"https:\/\/guiadenoticias.com.ar\/diario\/wp-json\/wp\/v2\/comments?post=12074"}],"version-history":[{"count":1,"href":"https:\/\/guiadenoticias.com.ar\/diario\/wp-json\/wp\/v2\/posts\/12074\/revisions"}],"predecessor-version":[{"id":12076,"href":"https:\/\/guiadenoticias.com.ar\/diario\/wp-json\/wp\/v2\/posts\/12074\/revisions\/12076"}],"wp:featuredmedia":[{"embeddable":true,"href":"https:\/\/guiadenoticias.com.ar\/diario\/wp-json\/wp\/v2\/media\/12075"}],"wp:attachment":[{"href":"https:\/\/guiadenoticias.com.ar\/diario\/wp-json\/wp\/v2\/media?parent=12074"}],"wp:term":[{"taxonomy":"category","embeddable":true,"href":"https:\/\/guiadenoticias.com.ar\/diario\/wp-json\/wp\/v2\/categories?post=12074"},{"taxonomy":"post_tag","embeddable":true,"href":"https:\/\/guiadenoticias.com.ar\/diario\/wp-json\/wp\/v2\/tags?post=12074"}],"curies":[{"name":"wp","href":"https:\/\/api.w.org\/{rel}","templated":true}]}}