{"id":12097,"date":"2018-12-07T00:05:46","date_gmt":"2018-12-07T03:05:46","guid":{"rendered":"http:\/\/guia-denoticias.com\/diario\/?p=12097"},"modified":"2018-12-07T00:06:31","modified_gmt":"2018-12-07T03:06:31","slug":"idas-y-vueltas-con-la-aprobacion-del-presupuesto-bonaerense","status":"publish","type":"post","link":"https:\/\/guiadenoticias.com.ar\/diario\/idas-y-vueltas-con-la-aprobacion-del-presupuesto-bonaerense\/","title":{"rendered":"Idas y vueltas con la aprobaci\u00f3n del presupuesto bonaerense"},"content":{"rendered":"<p>Con llamativas ausencias de los renovadores y los peronistas D\u2019Onofrio, Cubr\u00eda y Jos\u00e9 Ottavis, que seg\u00fan fuentes legislativas se reunieron hace pocos d\u00edas con el presidente de la C\u00e1mara de Diputados de Buenos Aires, Manuel Mosca, el oficialismo consigui\u00f3 los votos necesarios para sancionar la ley de leyes. El proyecto prev\u00e9 gastos por 929 mil millones de pesos. Vidal tambi\u00e9n consigui\u00f3 refrendar el endeudamiento.<\/p>\n<p>Entre las principales \u00e1reas se asignan alrededor de 222 mil millones de pesos en Educaci\u00f3n; 51 mil millones se destinar\u00e1n a Salud; 24 mil millones, a Justicia; y 23 mil millones, a Desarrollo Social e Infraestructura.<\/p>\n<p>La presentaci\u00f3n del Presupuesto hab\u00eda sido postergada por la necesidad de avanzar en un acuerdo en el Congreso Nacional, donde los votos de gobernadores peronistas le costaron a la Provincia un ajuste en sus fondos, seg\u00fan reconoci\u00f3 la gobernadora.<\/p>\n<p>Marcelo Daletto, miembro informante del bloque de Cambiemos, afirm\u00f3 en di\u00e1logo con Gu\u00eda de Noticias que \u00abuna de las claves de este presupuesto es la baja de la presi\u00f3n impositiva, cumplimos a\u00f1o tras a\u00f1o con esta meta que nos trazamos para fomentar la competitividad\u201d, y agreg\u00f3 que \u201cno por eso dejamos de lado la inversi\u00f3n social, que aumentar\u00e1 el a\u00f1o que viene, como los desembolsos en infraestructura\u201d.<\/p>\n<p>Las\u00a0 cuentas bonaerenses no ir\u00e1n en sinton\u00eda con el famoso d\u00e9ficit cero proclamado por Macri y Dujovne. El rojo fiscal para 2019 est\u00e1 estimado en 40 mil millones. Al respecto, el diputado de Unidad Ciudadana Lauro Grande consider\u00f3 que \u201ceste presupuesto se termin\u00f3 aprobando entre gallos y medianoche, porque s\u00f3lo aumenta la deuda, caen salud, producci\u00f3n, ciencia y tecnolog\u00eda y vivienda, entre otras \u00e1reas fundamentales para el funcionamiento de Provincia\u201d.<\/p>\n<p>El endeudamiento, que tambi\u00e9n fue aprobado este martes,\u00a0 estar\u00e1 situado en 68, 5 mil millones, lo que permitir\u00eda cubrir la diferencia entre los ingresos y los egresos, para pagar los salarios y gastos corrientes.<\/p>\n<p>La no resoluci\u00f3n del conflicto docente y los problemas edilicios evidenciados durante 2018, pusieron a la educaci\u00f3n en el centro del debate presupuestario. Consultada por este medio, Silvia Almaz\u00e1n, secretaria Adjunta de SUTEBA, afirm\u00f3: \u201cEsto va en l\u00ednea con lo que el Fondo Monetario diagram\u00f3 para el Estado nacional. Se ajusta la educaci\u00f3n para asegurar el pago a los acreedores\u201d, y agreg\u00f3 que \u201cla Direcci\u00f3n General de Cultura y Educaci\u00f3n es la que m\u00e1s cae el a\u00f1o que viene, pierde 2,1 % en el total del gasto, y la masa salarial de los estatales tambi\u00e9n cae; van a ir por el salario de los docentes nuevamente\u201d.<\/p>\n<p>Otro de los puntos que gener\u00f3 pol\u00e9mica fue la legalizaci\u00f3n de las apuestas virtuales. En este caso, las cr\u00edticas vinieron desde la Iglesia, la Pastoral de Adicciones y Drogadependencia coordinada por el padre Jos\u00e9 Mar\u00eda Di Paola, m\u00e1s precisamente, quien reproch\u00f3 que \u201cse antepone un objetivo recaudatorio y el negocio de unos pocos sin considerar los da\u00f1os que deja\u201d.<\/p>\n<p>En l\u00ednea con lo expresado por el ministro de Econom\u00eda, Nicol\u00e1s Dujovne, el presupuesto provincial argumenta, \u201clos principales motores del crecimiento en esta etapa fueron la inversi\u00f3n, que ampl\u00eda directamente la potencialidad de crecimiento futuro, y las exportaciones, en una clara muestra de los beneficios de contar con pol\u00edticas orientadas al acceso al mercado externo\u201d, y apuesta a \u201cun aumento exponencial de las exportaciones netas, derivadas del ajuste del tipo de cambio que contribuir\u00e1 a reducir el d\u00e9ficit\u201d.<\/p>\n<p>Luego de que el oficialismo cerrara el a\u00f1o con dos importantes triunfos legislativos, la \u00fanica\u00a0 inc\u00f3gnita que qued\u00f3 planteada es sobre el cronograma electoral. Cambiemos todav\u00eda no logr\u00f3 avanzar en el desdoblamiento de las elecciones que separar\u00eda la imagen de Vidal de la de Mauricio Macri, que viene cayendo en el conurbano bonaerense. La iniciativa habr\u00eda conseguido el apoyo de Sergio Massa y de un grupo de intendentes peronistas.<\/p>\n","protected":false},"excerpt":{"rendered":"<p>Con llamativas ausencias de los renovadores y los peronistas D\u2019Onofrio, Cubr\u00eda y Jos\u00e9 Ottavis, que seg\u00fan fuentes legislativas se reunieron hace pocos d\u00edas con el presidente de la C\u00e1mara de Diputados de Buenos Aires, Manuel Mosca, el oficialismo consigui\u00f3 los votos necesarios para sancionar la ley de leyes. El proyecto prev\u00e9 gastos por 929 mil [&hellip;]<\/p>\n","protected":false},"author":1,"featured_media":12098,"comment_status":"closed","ping_status":"open","sticky":false,"template":"","format":"standard","meta":{"footnotes":""},"categories":[49,48,31],"tags":[],"class_list":{"0":"post-12097","1":"post","2":"type-post","3":"status-publish","4":"format-standard","5":"has-post-thumbnail","7":"category-economia-y-gremiales","8":"category-politica-argentina","9":"category-provincia"},"aioseo_notices":[],"_links":{"self":[{"href":"https:\/\/guiadenoticias.com.ar\/diario\/wp-json\/wp\/v2\/posts\/12097","targetHints":{"allow":["GET"]}}],"collection":[{"href":"https:\/\/guiadenoticias.com.ar\/diario\/wp-json\/wp\/v2\/posts"}],"about":[{"href":"https:\/\/guiadenoticias.com.ar\/diario\/wp-json\/wp\/v2\/types\/post"}],"author":[{"embeddable":true,"href":"https:\/\/guiadenoticias.com.ar\/diario\/wp-json\/wp\/v2\/users\/1"}],"replies":[{"embeddable":true,"href":"https:\/\/guiadenoticias.com.ar\/diario\/wp-json\/wp\/v2\/comments?post=12097"}],"version-history":[{"count":1,"href":"https:\/\/guiadenoticias.com.ar\/diario\/wp-json\/wp\/v2\/posts\/12097\/revisions"}],"predecessor-version":[{"id":12099,"href":"https:\/\/guiadenoticias.com.ar\/diario\/wp-json\/wp\/v2\/posts\/12097\/revisions\/12099"}],"wp:featuredmedia":[{"embeddable":true,"href":"https:\/\/guiadenoticias.com.ar\/diario\/wp-json\/wp\/v2\/media\/12098"}],"wp:attachment":[{"href":"https:\/\/guiadenoticias.com.ar\/diario\/wp-json\/wp\/v2\/media?parent=12097"}],"wp:term":[{"taxonomy":"category","embeddable":true,"href":"https:\/\/guiadenoticias.com.ar\/diario\/wp-json\/wp\/v2\/categories?post=12097"},{"taxonomy":"post_tag","embeddable":true,"href":"https:\/\/guiadenoticias.com.ar\/diario\/wp-json\/wp\/v2\/tags?post=12097"}],"curies":[{"name":"wp","href":"https:\/\/api.w.org\/{rel}","templated":true}]}}