{"id":12103,"date":"2018-12-07T01:01:47","date_gmt":"2018-12-07T04:01:47","guid":{"rendered":"http:\/\/guia-denoticias.com\/diario\/?p=12103"},"modified":"2018-12-10T16:01:15","modified_gmt":"2018-12-10T19:01:15","slug":"incremento-de-tasas-domiciliarias-del-28-para-2019","status":"publish","type":"post","link":"https:\/\/guiadenoticias.com.ar\/diario\/incremento-de-tasas-domiciliarias-del-28-para-2019\/","title":{"rendered":"Incremento de tasas domiciliarias del 28% para 2019"},"content":{"rendered":"<p>En una marat\u00f3nica asamblea de Mayores Contribuyentes, el Concejo Deliberante de Tres de Febrero autoriz\u00f3 para 2019 un incremento del 28% de la tasa de Alumbrado, Barrido y Limpieza (ABL). A esta actualizaci\u00f3n se sumar\u00e1 la Tasa de Salud, que ser\u00e1 de un importe fijo de 25 pesos incorporados a cada boleta. Adem\u00e1s, fue aprobada una ampliaci\u00f3n de la tasa de contribuci\u00f3n por pavimento, ya que desde 2019 la pagar\u00e1n tambi\u00e9n los vecinos que desarrollen actividades econ\u00f3micas dentro de sus domicilios.<\/p>\n<p><strong>LOS INCREMENTOS<\/strong><\/p>\n<p>De antemano era conocida la intenci\u00f3n del Departamento Ejecutivo de incrementar el 28% el ABL. Cont\u00f3 con 31 votos a favor de Cambiemos, Por la Uni\u00f3n, GEN y Frente Renovador; mientras que 15 manos del PJ &#8211; FpV votaron en contra. Estuvo ausente Carlos Monta\u00f1a, del bloque peronista, y Federico Ferreyra del GEN se retir\u00f3 antes por motivos personales.<\/p>\n<p>Por parte de Cambiemos, el radical Marcelo Bello ponder\u00f3 ante Gu\u00eda de Noticias \u201clos 15 d\u00edas de trabajo en comisi\u00f3n y el informe del secretario de Hacienda con todas las explicaciones; los debates y los acuerdos con los bloques Renovador y De la Uni\u00f3n\u201d. \u201cFue una noche larga, con debates m\u00e1s pol\u00edticos que econ\u00f3micos, pero tenemos una gran satisfacci\u00f3n. Quiero destacar el trabajo del miembro informante, Juan Carlos Berns, y del presidente del Cuerpo, Sergio Iacovino\u201d, agreg\u00f3.<\/p>\n<p>Mientras, desde las bancadas opositoras insistieron ante este medio que el incremento de la tasa por Servicios Generales ser\u00e1 de m\u00e1s del 30%. En este sentido, el peronista M\u00e1ximo Rodr\u00edguez asegur\u00f3 que la Tasa de Salud impactar\u00e1 m\u00e1s en el 73% de los contribuyentes de menor categor\u00eda, y que el intendente mantiene el poder de subir hasta un 30% adicional los impuestos municipales. Al respecto, su bancada hab\u00eda intentado infructuosamente derogar las facultades del Ejecutivo.<\/p>\n<p>\u201cEs preocupante el nivel de cobrabilidad. Seg\u00fan los n\u00fameros oficiales que nos ofrecieron, oscila en un 56%, mientras que antes fue del 58%. Esto significa que la gente est\u00e1 en una situaci\u00f3n dram\u00e1tica. Entonces, las decisiones del oficialismo y sus aliados pone en riesgo la cobrabilidad del municipio\u201d, plante\u00f3 el jefe del bloque PJ-FpV-UC.<\/p>\n<p><strong>CAMBIO EN LA TASA POR PAVIMENTO<\/strong><\/p>\n<p>En la discusi\u00f3n por la modificaci\u00f3n a la Ordenanza Fiscal, el punto \u00e1lgido fue la tasa de contribuci\u00f3n por pavimento, pagada por los due\u00f1os de estaciones de servicios y frentistas que hayan sido beneficiados por mejoras viales. El oficialismo propuso sumar a la base imponible a los contribuyentes que desarrollan actividades econ\u00f3micas registradas en sus domicilios.<\/p>\n<p>Ante esta posibilidad, el bloque kirchnerista plante\u00f3 derogar la contribuci\u00f3n, pero en la votaci\u00f3n no cont\u00f3 con los dos tercios necesarios, gracias a que el Frente Renovador y Por la Uni\u00f3n votaron por sostenerla. Luego, Cambiemos logr\u00f3 aprobar esa ampliaci\u00f3n con los votos oficialistas y la abstenci\u00f3n del massismo.<\/p>\n<p><strong>EDIFICIOS EN S\u00c1ENZ PE\u00d1A Y CORONADO<\/strong><\/p>\n<p>Por la tarde, en la sesi\u00f3n extraordinaria fueron aprobadas dos rezonificaciones en terrenos linderos al ferrocarril a partir de un pedido de la Agencia Administraci\u00f3n de Bienes del Estado (AABE). En primer lugar, el predio junto a la estaci\u00f3n S\u00e1enz Pe\u00f1a del Tren San Mart\u00edn pas\u00f3 a estar apto para la construcci\u00f3n de torres de gran categor\u00eda. Parte de los fondos recaudados por la venta del terreno pasar\u00e1n a manos del municipio de Tres de Febrero y ser\u00e1n asignados para la construcci\u00f3n del paso bajo nivel en la Avenida Am\u00e9rica.<\/p>\n<p>Por otro lado, un lote ferroviario del Urquiza, ubicado a metros de la estaci\u00f3n Pablo Podest\u00e1, fue rezonificado para la construcci\u00f3n de viviendas en el marco del plan PROCREAR.<\/p>\n","protected":false},"excerpt":{"rendered":"<p>En una marat\u00f3nica asamblea de Mayores Contribuyentes, el Concejo Deliberante de Tres de Febrero autoriz\u00f3 para 2019 un incremento del 28% de la tasa de Alumbrado, Barrido y Limpieza (ABL). A esta actualizaci\u00f3n se sumar\u00e1 la Tasa de Salud, que ser\u00e1 de un importe fijo de 25 pesos incorporados a cada boleta. Adem\u00e1s, fue aprobada [&hellip;]<\/p>\n","protected":false},"author":1,"featured_media":12104,"comment_status":"closed","ping_status":"open","sticky":false,"template":"","format":"standard","meta":{"footnotes":""},"categories":[49,20,48,26],"tags":[],"class_list":{"0":"post-12103","1":"post","2":"type-post","3":"status-publish","4":"format-standard","5":"has-post-thumbnail","7":"category-economia-y-gremiales","8":"category-municipios","9":"category-politica-argentina","10":"category-tres-de-febrero"},"aioseo_notices":[],"_links":{"self":[{"href":"https:\/\/guiadenoticias.com.ar\/diario\/wp-json\/wp\/v2\/posts\/12103","targetHints":{"allow":["GET"]}}],"collection":[{"href":"https:\/\/guiadenoticias.com.ar\/diario\/wp-json\/wp\/v2\/posts"}],"about":[{"href":"https:\/\/guiadenoticias.com.ar\/diario\/wp-json\/wp\/v2\/types\/post"}],"author":[{"embeddable":true,"href":"https:\/\/guiadenoticias.com.ar\/diario\/wp-json\/wp\/v2\/users\/1"}],"replies":[{"embeddable":true,"href":"https:\/\/guiadenoticias.com.ar\/diario\/wp-json\/wp\/v2\/comments?post=12103"}],"version-history":[{"count":4,"href":"https:\/\/guiadenoticias.com.ar\/diario\/wp-json\/wp\/v2\/posts\/12103\/revisions"}],"predecessor-version":[{"id":12110,"href":"https:\/\/guiadenoticias.com.ar\/diario\/wp-json\/wp\/v2\/posts\/12103\/revisions\/12110"}],"wp:featuredmedia":[{"embeddable":true,"href":"https:\/\/guiadenoticias.com.ar\/diario\/wp-json\/wp\/v2\/media\/12104"}],"wp:attachment":[{"href":"https:\/\/guiadenoticias.com.ar\/diario\/wp-json\/wp\/v2\/media?parent=12103"}],"wp:term":[{"taxonomy":"category","embeddable":true,"href":"https:\/\/guiadenoticias.com.ar\/diario\/wp-json\/wp\/v2\/categories?post=12103"},{"taxonomy":"post_tag","embeddable":true,"href":"https:\/\/guiadenoticias.com.ar\/diario\/wp-json\/wp\/v2\/tags?post=12103"}],"curies":[{"name":"wp","href":"https:\/\/api.w.org\/{rel}","templated":true}]}}