{"id":12152,"date":"2018-12-19T00:56:44","date_gmt":"2018-12-19T03:56:44","guid":{"rendered":"http:\/\/guia-denoticias.com\/diario\/?p=12152"},"modified":"2018-12-20T01:27:08","modified_gmt":"2018-12-20T04:27:08","slug":"definieron-en-el-concejo-si-los-numeros-para-2019","status":"publish","type":"post","link":"https:\/\/guiadenoticias.com.ar\/diario\/definieron-en-el-concejo-si-los-numeros-para-2019\/","title":{"rendered":"Definieron en el Concejo SI los n\u00fameros para 2019"},"content":{"rendered":"<p>El intendente Gustavo Posse cuenta ya con las herramientas fundamentales para encarar su gesti\u00f3n en un a\u00f1o decisivo. Tras una jornada de nueve horas en el recinto, el Concejo Deliberante aprob\u00f3 las modificaciones a las Ordenanzas Fiscal e Impositiva, por medio de la asamblea de Mayores Contribuyentes; y cerca de la medianoche sancion\u00f3 el Presupuesto 2019. Para lograrlo, el oficialismo recurri\u00f3 a acordar apoyo mutuo con el Frente Renovador.<\/p>\n<p>En primer t\u00e9rmino establecieron una suba del ABL de 12% en enero y se incrementar\u00e1 otro 12% en el resto del a\u00f1o. La actualizaci\u00f3n tendr\u00e1 un tope de 4% bimestral. Cuando la aplicaci\u00f3n del coeficiente supere el porcentaje establecido, la norma faculta al Departamento Ejecutivo a disponer aumentos de acuerdo a una f\u00f3rmula determinada por los \u00edndices de construcci\u00f3n, el valor del combustible y el convenio municipal con Camioneros para los recolectores de basura.<\/p>\n<p>A su vez, 24 miembros de la asamblea avalaron un dictamen del Frente Renovador con impacto en la Ordenanza Fiscal. El possismo resolvi\u00f3, tras un cuarto intermedio, dar sus votos al proyecto del bloque que responde a Sebasti\u00e1n Galmarini en un gesto que fortalece los acuerdos entre la primera minor\u00eda y el massismo. Dicha iniciativa ampl\u00eda exenciones a las personas con discapacidad y establece beneficios en las tasas de Inspecci\u00f3n de Industria y Comercio para peque\u00f1os comercios.<\/p>\n<p>Por su parte,\u00a0 otras 14 manos apoyaron, entre ellos Castellano, Juncos y ConVocaci\u00f3n, un proyecto del vecinalismo; y 10, del justicialismo y Unidad Ciudadana, votaron en negativo. Desde la oposici\u00f3n dudaron que el oficialismo pueda cumplir con el \u00edndice de aumento establecido, dada una alta expectativa inflacionaria para 2019, y por eso vaticinaron que pasados los meses deber\u00e1n debatir nuevos incrementos.<\/p>\n<p>El miembro informante del oficialismo, Pablo Fontanet, explic\u00f3 el acompa\u00f1amiento al dictamen\u00a0 massista porque \u201campl\u00eda exenciones a las personas con discapacidad\u201d, y \u201cestablece progresividad para las tasas de Inspecci\u00f3n de Industria y Comercio para los peque\u00f1os comercios\u201d. Acerca de este \u00faltimo punto, el edil comprometi\u00f3 p\u00fablicamente a su bancada a impulsar una Ordenanza en marzo para establecer nuevas escalas.<\/p>\n<p>Por \u00faltimo, entre los mayores contribuyentes se destacaron los concejales mandato cumplido Marcela Durrieu, del massismo, y Federico Gelay, de Unidad Ciudadana.<\/p>\n<p><strong>PRESUPUESTO<\/strong><\/p>\n<p>El c\u00e1lculo de recursos y gastos para el ejercicio 2019 ser\u00e1 de 8.579 millones de pesos. Dos terceras partes de los fondos provienen de tasas, derechos y contribuciones recaudadas por la Comuna, mientras que el restante tercio es en buena parte coparticipaci\u00f3n, seg\u00fan detall\u00f3 Fontanet. Entre los \u00edtems destacados por el oficialista, Salud se lleva el 20% de los recursos municipales.<\/p>\n<p>Por otro lado fue introducido un tope de reasignaci\u00f3n de partidas de hasta el 5% de los recursos de libre disponibilidad.<\/p>\n<p>El proyecto fue aprobado por 13 votos gracias a las diez bancas possistas, con el acompa\u00f1amiento del radical Juncos, m\u00e1s el bloque renovador. A pesar de la aprobaci\u00f3n de este presupuesto puede haber ampliaciones de recursos durante los pr\u00f3ximos meses, como sucedi\u00f3 el \u00faltimo a\u00f1o en dos ocasiones.<\/p>\n","protected":false},"excerpt":{"rendered":"<p>El intendente Gustavo Posse cuenta ya con las herramientas fundamentales para encarar su gesti\u00f3n en un a\u00f1o decisivo. Tras una jornada de nueve horas en el recinto, el Concejo Deliberante aprob\u00f3 las modificaciones a las Ordenanzas Fiscal e Impositiva, por medio de la asamblea de Mayores Contribuyentes; y cerca de la medianoche sancion\u00f3 el Presupuesto [&hellip;]<\/p>\n","protected":false},"author":1,"featured_media":0,"comment_status":"closed","ping_status":"open","sticky":false,"template":"","format":"standard","meta":{"footnotes":""},"categories":[49,20,48,21],"tags":[],"class_list":{"0":"post-12152","1":"post","2":"type-post","3":"status-publish","4":"format-standard","6":"category-economia-y-gremiales","7":"category-municipios","8":"category-politica-argentina","9":"category-san-isidro"},"aioseo_notices":[],"_links":{"self":[{"href":"https:\/\/guiadenoticias.com.ar\/diario\/wp-json\/wp\/v2\/posts\/12152","targetHints":{"allow":["GET"]}}],"collection":[{"href":"https:\/\/guiadenoticias.com.ar\/diario\/wp-json\/wp\/v2\/posts"}],"about":[{"href":"https:\/\/guiadenoticias.com.ar\/diario\/wp-json\/wp\/v2\/types\/post"}],"author":[{"embeddable":true,"href":"https:\/\/guiadenoticias.com.ar\/diario\/wp-json\/wp\/v2\/users\/1"}],"replies":[{"embeddable":true,"href":"https:\/\/guiadenoticias.com.ar\/diario\/wp-json\/wp\/v2\/comments?post=12152"}],"version-history":[{"count":3,"href":"https:\/\/guiadenoticias.com.ar\/diario\/wp-json\/wp\/v2\/posts\/12152\/revisions"}],"predecessor-version":[{"id":12169,"href":"https:\/\/guiadenoticias.com.ar\/diario\/wp-json\/wp\/v2\/posts\/12152\/revisions\/12169"}],"wp:attachment":[{"href":"https:\/\/guiadenoticias.com.ar\/diario\/wp-json\/wp\/v2\/media?parent=12152"}],"wp:term":[{"taxonomy":"category","embeddable":true,"href":"https:\/\/guiadenoticias.com.ar\/diario\/wp-json\/wp\/v2\/categories?post=12152"},{"taxonomy":"post_tag","embeddable":true,"href":"https:\/\/guiadenoticias.com.ar\/diario\/wp-json\/wp\/v2\/tags?post=12152"}],"curies":[{"name":"wp","href":"https:\/\/api.w.org\/{rel}","templated":true}]}}