{"id":12178,"date":"2018-12-21T22:40:19","date_gmt":"2018-12-22T01:40:19","guid":{"rendered":"http:\/\/guia-denoticias.com\/diario\/?p=12178"},"modified":"2018-12-21T22:40:34","modified_gmt":"2018-12-22T01:40:34","slug":"arguello-a-curto-le-quiero-ganar-en-las-urnas","status":"publish","type":"post","link":"https:\/\/guiadenoticias.com.ar\/diario\/arguello-a-curto-le-quiero-ganar-en-las-urnas\/","title":{"rendered":"Arg\u00fcello: \u201cA Curto le quiero ganar en las urnas\u201d"},"content":{"rendered":"<p>Con un acto con visible despliegue en el microestadio del Club Almagro, Octavio Arg\u00fcello present\u00f3 el Frente Pol\u00edtico, Social y Sindical (FPSyS) y se puso el traje de precandidato para la Intendencia de Tres de Febrero.<\/p>\n<p>El dirigente del Sindicato de Camioneros de San Mart\u00edn &#8211; Tres de Febrero estuvo rodeado de referentes sociales, pol\u00edticos, gremiales, juveniles y de g\u00e9nero. Junto a ellos proclam\u00f3, \u201cac\u00e1 estamos, ahora quiero ganar en las urnas\u201d.<\/p>\n<p>En la otra vereda del peronismo local, Juan Debandi con Unidad Ciudadana se muestra cerca del ex intendente. Por eso podr\u00eda encaminarse un escenario de PASO entre el camionero y el diputado provincial.<\/p>\n<p>En charla con la prensa, Arg\u00fcello aclar\u00f3 sobre el pedido de internas, \u201cno puedo negarle al compa\u00f1ero Curto jugar. Si no quiero que Curto sea m\u00e1s el conductor del espacio, le tengo que ganar en las urnas\u201d. Y reafirm\u00f3 el principio \u201csabemos que quien gana conduce y quien pierde acompa\u00f1a\u201d.<\/p>\n<p>Hugo Moyano v\u00eda comunicaci\u00f3n telef\u00f3nica pidi\u00f3 disculpas por no estar presente en la convocatoria debido a problemas de salud. En ese mensaje respald\u00f3 a su hombre en la regi\u00f3n: \u201cEs un tipo que viene peleando desde hace mucho tiempo, siempre junto a los humildes y trabajadores. Es de los compa\u00f1eros que luchan para instalar un gobierno que devuelva la dignidad a los trabajadores, ancianos y ni\u00f1os\u201d.<\/p>\n<p>En representaci\u00f3n del ex jefe cegetista habl\u00f3 su hija Karina Moyano, secretaria de la Mujer del Partido de Cultura, Educaci\u00f3n y Trabajo. \u201cEstoy muy contenta con el armado de este frente. Tenemos que hacer una mesa de trabajo seria para que no haya una familia m\u00e1s sin trabajo y sin un plato de comida\u201d, apunt\u00f3.<\/p>\n<p><strong>LA COMPOSICI\u00d3N DEL FRENTE<\/strong><\/p>\n<p>En el palco se sentaron Gustavo Guglielmo del Movimiento de Unidad Popular (MUP); el secretario Adjunto de CGT Zona Norte, Marcelo Bonomo; el secretario General de Camioneros Salta, Jorge Guaymas, y la referente juvenil del FPSyS Samantha Olmedo.<\/p>\n<p>\u201cLa juventud no est\u00e1 s\u00f3lo para hacer encuestas o patear la calle, tambi\u00e9n debe estar en la mesa de decisiones. La juventud es hoy\u201d, proclam\u00f3 Olmedo. Acto seguido denunci\u00f3 en p\u00fablico un abuso sexual intrafamiliar y reafirm\u00f3 su confesi\u00f3n hecha en redes sociales d\u00edas atr\u00e1s, \u201cese hijo de puta no es familia, es un monstruo. Ustedes son mi familia\u201d.<\/p>\n<p>Tambi\u00e9n dijeron presente el concejal Daniel Pietrantonio; el director del ITUOM, Gustavo Torres; y el secretario General de UDOCBA Tres de Febrero, Javier Cardei. Entre el p\u00fablico se anotaron el ex diputado nacional Horacio Alonso y los dirigentes de Renacer Peronista Andrea Ben\u00edtez y Mart\u00edn Hermann.<\/p>\n<p>El Frente Pol\u00edtico Social y Sindical est\u00e1 compuesto por Camioneros, UDOCBA, MUP y\u00a0 otras organizaciones locales. En el acto acompa\u00f1aron adem\u00e1s La Fraternidad y el Sindicato de Fleteros.<\/p>\n","protected":false},"excerpt":{"rendered":"<p>Con un acto con visible despliegue en el microestadio del Club Almagro, Octavio Arg\u00fcello present\u00f3 el Frente Pol\u00edtico, Social y Sindical (FPSyS) y se puso el traje de precandidato para la Intendencia de Tres de Febrero. El dirigente del Sindicato de Camioneros de San Mart\u00edn &#8211; Tres de Febrero estuvo rodeado de referentes sociales, pol\u00edticos, [&hellip;]<\/p>\n","protected":false},"author":1,"featured_media":12179,"comment_status":"closed","ping_status":"open","sticky":false,"template":"","format":"standard","meta":{"footnotes":""},"categories":[49,20,48,26],"tags":[],"class_list":{"0":"post-12178","1":"post","2":"type-post","3":"status-publish","4":"format-standard","5":"has-post-thumbnail","7":"category-economia-y-gremiales","8":"category-municipios","9":"category-politica-argentina","10":"category-tres-de-febrero"},"aioseo_notices":[],"_links":{"self":[{"href":"https:\/\/guiadenoticias.com.ar\/diario\/wp-json\/wp\/v2\/posts\/12178","targetHints":{"allow":["GET"]}}],"collection":[{"href":"https:\/\/guiadenoticias.com.ar\/diario\/wp-json\/wp\/v2\/posts"}],"about":[{"href":"https:\/\/guiadenoticias.com.ar\/diario\/wp-json\/wp\/v2\/types\/post"}],"author":[{"embeddable":true,"href":"https:\/\/guiadenoticias.com.ar\/diario\/wp-json\/wp\/v2\/users\/1"}],"replies":[{"embeddable":true,"href":"https:\/\/guiadenoticias.com.ar\/diario\/wp-json\/wp\/v2\/comments?post=12178"}],"version-history":[{"count":1,"href":"https:\/\/guiadenoticias.com.ar\/diario\/wp-json\/wp\/v2\/posts\/12178\/revisions"}],"predecessor-version":[{"id":12180,"href":"https:\/\/guiadenoticias.com.ar\/diario\/wp-json\/wp\/v2\/posts\/12178\/revisions\/12180"}],"wp:featuredmedia":[{"embeddable":true,"href":"https:\/\/guiadenoticias.com.ar\/diario\/wp-json\/wp\/v2\/media\/12179"}],"wp:attachment":[{"href":"https:\/\/guiadenoticias.com.ar\/diario\/wp-json\/wp\/v2\/media?parent=12178"}],"wp:term":[{"taxonomy":"category","embeddable":true,"href":"https:\/\/guiadenoticias.com.ar\/diario\/wp-json\/wp\/v2\/categories?post=12178"},{"taxonomy":"post_tag","embeddable":true,"href":"https:\/\/guiadenoticias.com.ar\/diario\/wp-json\/wp\/v2\/tags?post=12178"}],"curies":[{"name":"wp","href":"https:\/\/api.w.org\/{rel}","templated":true}]}}