{"id":12193,"date":"2018-12-25T23:12:56","date_gmt":"2018-12-26T02:12:56","guid":{"rendered":"http:\/\/guia-denoticias.com\/diario\/?p=12193"},"modified":"2018-12-28T09:44:04","modified_gmt":"2018-12-28T12:44:04","slug":"jorge-macri-reconocio-a-empleados-municipales","status":"publish","type":"post","link":"https:\/\/guiadenoticias.com.ar\/diario\/jorge-macri-reconocio-a-empleados-municipales\/","title":{"rendered":"Jorge Macri reconoci\u00f3 a empleados municipales"},"content":{"rendered":"<p>El intendente de Vicente L\u00f3pez, Jorge Macri,&nbsp; estuvo presente en el Centro de Convenciones Arturo Frondizi para reconocer a empleados municipales. \u201cCada uno de ustedes es, sin dudas, una pieza fundamental en la construcci\u00f3n del Vicente L\u00f3pez que queremos\u201d, expres\u00f3.<\/p>\n<p>Durante el reconocimiento fue anunciado el pase a planta de 49 empleados de diferentes \u00e1reas. Por otra parte se realiz\u00f3 el pase a planta permanente y carrera profesional a 60 trabajadores de salud.<\/p>\n<p>En el homenaje a los empleados con m\u00e1s antig\u00fcedad de servicio, el jefe comunal coment\u00f3, \u201cnos reunimos para agradecerles todo lo que le dieron a nuestro querido municipio, y felicitarlos por sus 25 a\u00f1os de servicio y el pase a planta permanente\u201d. Fueron 97 los empleados que recibieron una menci\u00f3n en agradecimiento a 25 a\u00f1os de servicios.<\/p>\n<p>Tambi\u00e9n, Macri destac\u00f3 a enfermeros, a quienes les dijo, \u201cquiero destacar a nuestros enfermeros y enfermeras, que con su enorme profesionalismo cuidan a cada uno de nuestros vecinos\u201d. Previamente, la actividad fue reconocida como profesional.<\/p>\n","protected":false},"excerpt":{"rendered":"<p>El intendente de Vicente L\u00f3pez, Jorge Macri,&nbsp; estuvo presente en el Centro de Convenciones Arturo Frondizi para reconocer a empleados municipales. \u201cCada uno de ustedes es, sin dudas, una pieza fundamental en la construcci\u00f3n del Vicente L\u00f3pez que queremos\u201d, expres\u00f3. Durante el reconocimiento fue anunciado el pase a planta de 49 empleados de diferentes \u00e1reas. [&hellip;]<\/p>\n","protected":false},"author":1,"featured_media":12194,"comment_status":"closed","ping_status":"open","sticky":false,"template":"","format":"standard","meta":{"footnotes":""},"categories":[49,20,48,25],"tags":[],"class_list":{"0":"post-12193","1":"post","2":"type-post","3":"status-publish","4":"format-standard","5":"has-post-thumbnail","7":"category-economia-y-gremiales","8":"category-municipios","9":"category-politica-argentina","10":"category-vicente-lopez"},"aioseo_notices":[],"_links":{"self":[{"href":"https:\/\/guiadenoticias.com.ar\/diario\/wp-json\/wp\/v2\/posts\/12193","targetHints":{"allow":["GET"]}}],"collection":[{"href":"https:\/\/guiadenoticias.com.ar\/diario\/wp-json\/wp\/v2\/posts"}],"about":[{"href":"https:\/\/guiadenoticias.com.ar\/diario\/wp-json\/wp\/v2\/types\/post"}],"author":[{"embeddable":true,"href":"https:\/\/guiadenoticias.com.ar\/diario\/wp-json\/wp\/v2\/users\/1"}],"replies":[{"embeddable":true,"href":"https:\/\/guiadenoticias.com.ar\/diario\/wp-json\/wp\/v2\/comments?post=12193"}],"version-history":[{"count":2,"href":"https:\/\/guiadenoticias.com.ar\/diario\/wp-json\/wp\/v2\/posts\/12193\/revisions"}],"predecessor-version":[{"id":12211,"href":"https:\/\/guiadenoticias.com.ar\/diario\/wp-json\/wp\/v2\/posts\/12193\/revisions\/12211"}],"wp:featuredmedia":[{"embeddable":true,"href":"https:\/\/guiadenoticias.com.ar\/diario\/wp-json\/wp\/v2\/media\/12194"}],"wp:attachment":[{"href":"https:\/\/guiadenoticias.com.ar\/diario\/wp-json\/wp\/v2\/media?parent=12193"}],"wp:term":[{"taxonomy":"category","embeddable":true,"href":"https:\/\/guiadenoticias.com.ar\/diario\/wp-json\/wp\/v2\/categories?post=12193"},{"taxonomy":"post_tag","embeddable":true,"href":"https:\/\/guiadenoticias.com.ar\/diario\/wp-json\/wp\/v2\/tags?post=12193"}],"curies":[{"name":"wp","href":"https:\/\/api.w.org\/{rel}","templated":true}]}}