{"id":12328,"date":"2019-02-04T22:07:59","date_gmt":"2019-02-05T01:07:59","guid":{"rendered":"https:\/\/guiadenoticias.com.ar\/diario\/?p=12328"},"modified":"2019-02-04T22:10:21","modified_gmt":"2019-02-05T01:10:21","slug":"panazo-en-san-martin-por-la-crisis-panaderil","status":"publish","type":"post","link":"https:\/\/guiadenoticias.com.ar\/diario\/panazo-en-san-martin-por-la-crisis-panaderil\/","title":{"rendered":"\u201cPanazo\u201d en San Mart\u00edn por la crisis panaderil"},"content":{"rendered":"\n<p>Bajo el lema \u201cni una Pyme menos\u201d, la C\u00e1mara Panaderil de San Mart\u00edn llev\u00f3 adelante hace unos d\u00edas un \u201cpanazo\u201d en la Peatonal Belgrano. Con el fin de alarmar sobre situaci\u00f3n l\u00edmite de esta industria, los panaderos regalaron 200 kilos de flautas a los vecinos. <\/p>\n\n\n\n<p>Claudio Cova, presidente de la C\u00e1mara, manifest\u00f3 ante los\nmedios que \u201cnuestro trabajo est\u00e1 regalado\u201d. Explic\u00f3 que entonces \u201choy regalamos\npan como lo estamos regalando detr\u00e1s del mostrador, ya que con el precio que\ncobramos por kilo pr\u00e1cticamente no cubrimos los costos\u201d. Por eso \u201cpreferimos\nentregar pan para colaborar con la gente que padece una situaci\u00f3n cr\u00edtica\u201d. <\/p>\n\n\n\n<p>\u201cLo deber\u00edamos cobrar entre 150 y 180 pesos\u201d, precis\u00f3 el\ndirigente ante una pregunta de Gu\u00eda de Noticias. \u201c\u00bfA qui\u00e9n se lo vend\u00e9s? Es\nimposible\u201d, remat\u00f3. Cova sostuvo que el kilo de pan blanco era vendido hace un\na\u00f1o a cerca de 60 pesos, mientras que en diciembre lleg\u00f3 a valer hasta 90\npesos. \u201cEntonces, el pan aument\u00f3 50% mientras que las tarifas de servicios\naumentaron un 1000% y los insumos 200%. Es imposible sostener esta\nsituaci\u00f3n\u201d.&nbsp; <\/p>\n\n\n\n<p>Decenas de vecinos formaron una fila en la intersecci\u00f3n de\nPeatonal Belgrano y Avenida Campos para recibir una bolsa de pan del d\u00eda, a\npesar de la lluvia que todav\u00eda ca\u00eda en la ciudad. Los 200 kilos dispuestos en\ncuatro grandes canastas fueron agotados en media hora. <\/p>\n\n\n\n<p>\u201cNo hay margen para aumentar el precio porque del otro lado\nno encontramos poder adquisitivo, ya que tambi\u00e9n llegan los tarifazos a la\ngente\u201d, ampli\u00f3 el referente panaderil. \u201cEl obrero, entre vi\u00e1ticos, servicios y\ndem\u00e1s, pierde el 50% del sueldo. Con el resto debe vivir y comer\u201d. <\/p>\n\n\n\n<p>Agreg\u00f3 que \u201cson cantidad de Pymes las que van cerrando y\ncantidad de trabajadores que se quedan sin trabajo. El 2018 termin\u00f3 con un\ntarifazo terrible. Hay facturas de luz y de gas que superan el 100% de aumento.\nY en febrero habr\u00e1 otro 50%\u201d. A pesar de los m\u00faltiples reclamos, el tambi\u00e9n\ndirigente peronista sostuvo que \u201cel Gobierno hace o\u00eddos sordos\u201d. <\/p>\n\n\n\n<p>Acompa\u00f1aron a Claudio Cova el titular de CAPYME, Juan Ciolli,\ny Enrique Mora, presidente de la C\u00e1mara del Distrito Tecnol\u00f3gico local, entre\notros referentes empresarios. Tambi\u00e9n, el presidente del Concejo Deliberante de\nSan Mart\u00edn, Diego Perrella, y los concejales de Unidad Ciudadana Hern\u00e1n Letcher\ny Ulises Lobo. <\/p>\n\n\n\n<p>Tras el \u201cpanazo\u201d ese punto neur\u00e1lgico de San Mart\u00edn fue sede\nde una nueva protesta contra el alza de las tarifas y el costo de vida. El\nnuevo \u201cruidazo\u201d congreg\u00f3 a cientos de personas que cortaron la arteria\nprincipal del distrito cuando ya ca\u00eda el sol. <\/p>\n\n\n\n<p><strong>FIRMAS POR \u201cUNA GRAN AUDIENCIA P\u00daBLICA NACIONAL\u201d<\/strong><\/p>\n\n\n\n<p>Al mismo tiempo, asociaciones de consumidores continuaron\ncon la recolecci\u00f3n de firmas para solicitar una \u201cgran audiencia p\u00fablica\nnacional\u201d. Para ello instalaron una mesa junto al \u201cpanazo\u201d. <\/p>\n\n\n\n<p>Adri\u00e1n Ganino, director de Defensa del Consumidor de San\nMart\u00edn, explic\u00f3 a Gu\u00eda de Noticias el motivo del proyecto. \u201cBuscamos que en la\naudiencia de finales de febrero, que se har\u00e1 en la Ciudad de Buenos Aires,\npuedan participar todos los actores sociales, econ\u00f3micos, institucionales,\nempresariales y pol\u00edticos. Y luego replicarla en distintas localidades\u201d. La\nmeta es \u201cmanifestar la negativa a los aumentos desproporcionados en tarifas de\nluz, gas, agua y transporte, que son bienes p\u00fablicos esenciales y no una\nmercanc\u00eda\u201d. A largo plazo van por una nueva ley nacional de servicios p\u00fablicos.\n<\/p>\n\n\n\n<p>Por otro lado, un fallo de la C\u00e1mara Federal declar\u00f3\n\u201cabstracto\u201d el reclamo de los clubes de barrio. Con esta medida los amparos\ncayeron, las entidades sociales deber\u00e1n pagar retroactivos millonarios y\nalgunas temen su cierre. Ganino sostuvo que \u201cseguiremos intentando caminos,\ncomo una posible ley provincial que retrotraiga los precios a valores de 2017\u201d.<\/p>\n","protected":false},"excerpt":{"rendered":"<p>Bajo el lema \u201cni una Pyme menos\u201d, la C\u00e1mara Panaderil de San Mart\u00edn llev\u00f3 adelante hace unos d\u00edas un \u201cpanazo\u201d en la Peatonal Belgrano. Con el fin de alarmar sobre situaci\u00f3n l\u00edmite de esta industria, los panaderos regalaron 200 kilos de flautas a los vecinos. Claudio Cova, presidente de la C\u00e1mara, manifest\u00f3 ante los medios [&hellip;]<\/p>\n","protected":false},"author":1,"featured_media":12329,"comment_status":"closed","ping_status":"open","sticky":false,"template":"","format":"standard","meta":{"footnotes":""},"categories":[49,20,48,24],"tags":[],"class_list":{"0":"post-12328","1":"post","2":"type-post","3":"status-publish","4":"format-standard","5":"has-post-thumbnail","7":"category-economia-y-gremiales","8":"category-municipios","9":"category-politica-argentina","10":"category-san-martin"},"aioseo_notices":[],"_links":{"self":[{"href":"https:\/\/guiadenoticias.com.ar\/diario\/wp-json\/wp\/v2\/posts\/12328","targetHints":{"allow":["GET"]}}],"collection":[{"href":"https:\/\/guiadenoticias.com.ar\/diario\/wp-json\/wp\/v2\/posts"}],"about":[{"href":"https:\/\/guiadenoticias.com.ar\/diario\/wp-json\/wp\/v2\/types\/post"}],"author":[{"embeddable":true,"href":"https:\/\/guiadenoticias.com.ar\/diario\/wp-json\/wp\/v2\/users\/1"}],"replies":[{"embeddable":true,"href":"https:\/\/guiadenoticias.com.ar\/diario\/wp-json\/wp\/v2\/comments?post=12328"}],"version-history":[{"count":2,"href":"https:\/\/guiadenoticias.com.ar\/diario\/wp-json\/wp\/v2\/posts\/12328\/revisions"}],"predecessor-version":[{"id":12332,"href":"https:\/\/guiadenoticias.com.ar\/diario\/wp-json\/wp\/v2\/posts\/12328\/revisions\/12332"}],"wp:featuredmedia":[{"embeddable":true,"href":"https:\/\/guiadenoticias.com.ar\/diario\/wp-json\/wp\/v2\/media\/12329"}],"wp:attachment":[{"href":"https:\/\/guiadenoticias.com.ar\/diario\/wp-json\/wp\/v2\/media?parent=12328"}],"wp:term":[{"taxonomy":"category","embeddable":true,"href":"https:\/\/guiadenoticias.com.ar\/diario\/wp-json\/wp\/v2\/categories?post=12328"},{"taxonomy":"post_tag","embeddable":true,"href":"https:\/\/guiadenoticias.com.ar\/diario\/wp-json\/wp\/v2\/tags?post=12328"}],"curies":[{"name":"wp","href":"https:\/\/api.w.org\/{rel}","templated":true}]}}