{"id":12348,"date":"2019-02-05T21:50:54","date_gmt":"2019-02-06T00:50:54","guid":{"rendered":"https:\/\/guiadenoticias.com.ar\/diario\/?p=12348"},"modified":"2019-02-05T21:51:07","modified_gmt":"2019-02-06T00:51:07","slug":"intendentes-peronistas-presentaron-un-amparo-por-tarifazos","status":"publish","type":"post","link":"https:\/\/guiadenoticias.com.ar\/diario\/intendentes-peronistas-presentaron-un-amparo-por-tarifazos\/","title":{"rendered":"Intendentes peronistas presentaron un amparo por tarifazos"},"content":{"rendered":"\n<p>Intendentes de Provincia, la Defensor\u00eda de Pueblo, el Centro\nde Estudios para la Promoci\u00f3n de la Igualdad y la Solidaridad (CEPIS),\ndiputados nacionales y asociaciones presentaron un amparo por los nuevos\naumentos en la tarifa de luz. <\/p>\n\n\n\n<p>Al respecto, Gabriel Katopodis, jefe comunal de San Mart\u00edn,\nse\u00f1al\u00f3: \u201cNo alcanza con denunciar al Gobierno, para frenar el tarifazo y el\najuste hay que ganar las elecciones\u201d. Y agreg\u00f3 que \u201cno hay motivo para darle\ncuatro a\u00f1os m\u00e1s a un gobierno que no sabe resolver los problemas de la\nArgentina. No esperamos que cambien el modelo, pero s\u00ed que dejen de hacer da\u00f1o\na los trabajadores y a la industria nacional\u201d.<\/p>\n\n\n\n<p>La presentaci\u00f3n contra el Poder Ejecutivo Nacional se\nrealiz\u00f3 ante el Juzgado en lo Civil, Comercial y Contencioso Administrativo\nFederal N\u00b0 4 de La Plata, a cargo de Alberto Recondo.<\/p>\n\n\n\n<p>La medida solicita a los jueces que \u201cfrenen los atropellos\ndel Poder Ejecutivo y aseguren el derecho de los ciudadanos a una tarifa justa\ny razonable\u201d. Adem\u00e1s, requiere la suspensi\u00f3n de las resoluciones 366\/2018 de la\nSecretar\u00eda de Energ\u00eda y las resoluciones del ENRE. Y que ambas reparticiones\ndel Estado nacional \u201cse abstengan de trasladar a las y los usuarios del\nservicio p\u00fablico de electricidad el nuevo cuadro tarifario aprobado por dichas\nnormas, con inicio el 1 de febrero de 2019, hasta tanto se dicte sentencia de\nfondo\u201d.<\/p>\n","protected":false},"excerpt":{"rendered":"<p>Intendentes de Provincia, la Defensor\u00eda de Pueblo, el Centro de Estudios para la Promoci\u00f3n de la Igualdad y la Solidaridad (CEPIS), diputados nacionales y asociaciones presentaron un amparo por los nuevos aumentos en la tarifa de luz. Al respecto, Gabriel Katopodis, jefe comunal de San Mart\u00edn, se\u00f1al\u00f3: \u201cNo alcanza con denunciar al Gobierno, para frenar [&hellip;]<\/p>\n","protected":false},"author":1,"featured_media":12349,"comment_status":"closed","ping_status":"open","sticky":false,"template":"","format":"standard","meta":{"footnotes":""},"categories":[49,20,48,31],"tags":[],"class_list":{"0":"post-12348","1":"post","2":"type-post","3":"status-publish","4":"format-standard","5":"has-post-thumbnail","7":"category-economia-y-gremiales","8":"category-municipios","9":"category-politica-argentina","10":"category-provincia"},"aioseo_notices":[],"_links":{"self":[{"href":"https:\/\/guiadenoticias.com.ar\/diario\/wp-json\/wp\/v2\/posts\/12348","targetHints":{"allow":["GET"]}}],"collection":[{"href":"https:\/\/guiadenoticias.com.ar\/diario\/wp-json\/wp\/v2\/posts"}],"about":[{"href":"https:\/\/guiadenoticias.com.ar\/diario\/wp-json\/wp\/v2\/types\/post"}],"author":[{"embeddable":true,"href":"https:\/\/guiadenoticias.com.ar\/diario\/wp-json\/wp\/v2\/users\/1"}],"replies":[{"embeddable":true,"href":"https:\/\/guiadenoticias.com.ar\/diario\/wp-json\/wp\/v2\/comments?post=12348"}],"version-history":[{"count":1,"href":"https:\/\/guiadenoticias.com.ar\/diario\/wp-json\/wp\/v2\/posts\/12348\/revisions"}],"predecessor-version":[{"id":12350,"href":"https:\/\/guiadenoticias.com.ar\/diario\/wp-json\/wp\/v2\/posts\/12348\/revisions\/12350"}],"wp:featuredmedia":[{"embeddable":true,"href":"https:\/\/guiadenoticias.com.ar\/diario\/wp-json\/wp\/v2\/media\/12349"}],"wp:attachment":[{"href":"https:\/\/guiadenoticias.com.ar\/diario\/wp-json\/wp\/v2\/media?parent=12348"}],"wp:term":[{"taxonomy":"category","embeddable":true,"href":"https:\/\/guiadenoticias.com.ar\/diario\/wp-json\/wp\/v2\/categories?post=12348"},{"taxonomy":"post_tag","embeddable":true,"href":"https:\/\/guiadenoticias.com.ar\/diario\/wp-json\/wp\/v2\/tags?post=12348"}],"curies":[{"name":"wp","href":"https:\/\/api.w.org\/{rel}","templated":true}]}}