{"id":12397,"date":"2019-02-16T22:18:09","date_gmt":"2019-02-17T01:18:09","guid":{"rendered":"https:\/\/guiadenoticias.com.ar\/diario\/?p=12397"},"modified":"2019-02-16T22:18:24","modified_gmt":"2019-02-17T01:18:24","slug":"la-cta-autonoma-denuncio-ataque-intimidatorio","status":"publish","type":"post","link":"https:\/\/guiadenoticias.com.ar\/diario\/la-cta-autonoma-denuncio-ataque-intimidatorio\/","title":{"rendered":"La CTA Aut\u00f3noma denunci\u00f3 \u201cataque intimidatorio\u201d"},"content":{"rendered":"\n<p>La CTA Aut\u00f3noma de San Mart\u00edn denunci\u00f3 que el local de la\ncalle Avellaneda al 2100 fue violentado por desconocidos el fin de semana\npasado. El lunes a la ma\u00f1ana, miembros de la central obrera encontraron las\npersiana levantada, las puertas abiertas y la ausencia de un televisor. Seg\u00fan\nel relato de los testigos, computadoras, alimentos y otros bienes permanecieron\nintactos. <\/p>\n\n\n\n<p>Pablo Puebla, secretario General, interpret\u00f3&nbsp; al hecho como \u201cun mensaje a una organizaci\u00f3n\naut\u00f3noma que lleva en San Mart\u00edn, Provincia y Naci\u00f3n una pol\u00edtica de defensa de\nlos trabajadores ocupados y desocupados\u201d. <\/p>\n\n\n\n<p>\u201cLa CTA se planta con todas las organizaciones y el pueblo\nen su conjunto. Eso le molesta a alguien\u201d, apunt\u00f3. Por eso llam\u00f3 a \u201crepudiar la\nintrusi\u00f3n y a redoblar los esfuerzos. Al pueblo argentino no nos van a\namedrentar. No nos amedrent\u00f3 una dictadura y pudimos recuperar la democracia.\n\u00bfCu\u00e1nto m\u00e1s vamos a ser solidarios con todas las luchas que tenemos en el\nterritorio?\u201d. <\/p>\n\n\n\n<p>Dio el presente Oscar de Isasi, secretario General de la\ncentral a nivel bonaerense. \u201cA los mensajes se les contesta con mensajes. Desde\nla CTA provincial y nacional respaldamos fuertemente las acciones que realizan\nnuestros compa\u00f1eros de San Mart\u00edn y demostramos que no est\u00e1n solos\u201d, declar\u00f3.\n\u201cQuienes hicieron esto enfrentan a una organizaci\u00f3n nacional que est\u00e1 decidida\na defender a la clase trabajadora, a pelear contra el ajuste y por un Estado al\nservicio de quienes menos tienen\u201d, agreg\u00f3.<\/p>\n\n\n\n<p>A su vez, Puebla indic\u00f3 que se reuni\u00f3 con el secretario de\nGobierno del municipio,&nbsp; Jos\u00e9 Mar\u00eda\nFern\u00e1ndez. Seg\u00fan el referente social, las autoridades comunales se\ncomprometieron a darle las im\u00e1genes del monitoreo para ayudar a esclarecer el\nhecho, que se instruye en la Justicia. Por su lado, de Isasi responsabiliz\u00f3 al\ngobierno bonaerense de la seguridad de los sindicalistas. <\/p>\n\n\n\n<p>En la conferencia de prensa, la CTA Aut\u00f3noma &nbsp;pudo mostrar el respaldo de un amplio arco\nsindical y social. Particip\u00f3 Pablo Garc\u00eda, secretario General de ATE San\nMart\u00edn. Y acompa\u00f1aron el concejal del peronismo y dirigente de la CGT San\nMart\u00edn, Ram\u00f3n G\u00f3mez; as\u00ed como los referentes sociales Roberto Perd\u00eda de OLP y\nel concejal mandato cumplido Juli\u00e1n R\u00edos. Tambi\u00e9n, representantes de la CTA de\nlos Trabajadores y de la Cooperativa 8 de Enero (ex Sport Tech). <\/p>\n\n\n\n<p>En ese marco, de Isasi pidi\u00f3 \u201ctransformar las acciones de\nresistencia en propuestas\u201d. \u201cLas mejores tradiciones del movimiento obrero\nargentino transformaron las resistencias en programas, como el de Huerta Grande\no la asignaci\u00f3n para ni\u00f1ez de la poderosa CTA de los \u201890\u201d. &nbsp;Sin embargo se\u00f1al\u00f3 que \u201choy no existe una\npropuesta de salida a la crisis con centralidad en los trabajadores\u201d, por eso\npidi\u00f3 \u201cconstruir una fuerza organizada para alcanzar lo que queremos\u201d, como \u201clo\nhace el movimiento de mujeres y las organizaciones sociales\u201d.<\/p>\n","protected":false},"excerpt":{"rendered":"<p>La CTA Aut\u00f3noma de San Mart\u00edn denunci\u00f3 que el local de la calle Avellaneda al 2100 fue violentado por desconocidos el fin de semana pasado. El lunes a la ma\u00f1ana, miembros de la central obrera encontraron las persiana levantada, las puertas abiertas y la ausencia de un televisor. Seg\u00fan el relato de los testigos, computadoras, [&hellip;]<\/p>\n","protected":false},"author":1,"featured_media":12398,"comment_status":"closed","ping_status":"open","sticky":false,"template":"","format":"standard","meta":{"footnotes":""},"categories":[49,20,48,24],"tags":[],"class_list":{"0":"post-12397","1":"post","2":"type-post","3":"status-publish","4":"format-standard","5":"has-post-thumbnail","7":"category-economia-y-gremiales","8":"category-municipios","9":"category-politica-argentina","10":"category-san-martin"},"aioseo_notices":[],"_links":{"self":[{"href":"https:\/\/guiadenoticias.com.ar\/diario\/wp-json\/wp\/v2\/posts\/12397","targetHints":{"allow":["GET"]}}],"collection":[{"href":"https:\/\/guiadenoticias.com.ar\/diario\/wp-json\/wp\/v2\/posts"}],"about":[{"href":"https:\/\/guiadenoticias.com.ar\/diario\/wp-json\/wp\/v2\/types\/post"}],"author":[{"embeddable":true,"href":"https:\/\/guiadenoticias.com.ar\/diario\/wp-json\/wp\/v2\/users\/1"}],"replies":[{"embeddable":true,"href":"https:\/\/guiadenoticias.com.ar\/diario\/wp-json\/wp\/v2\/comments?post=12397"}],"version-history":[{"count":1,"href":"https:\/\/guiadenoticias.com.ar\/diario\/wp-json\/wp\/v2\/posts\/12397\/revisions"}],"predecessor-version":[{"id":12399,"href":"https:\/\/guiadenoticias.com.ar\/diario\/wp-json\/wp\/v2\/posts\/12397\/revisions\/12399"}],"wp:featuredmedia":[{"embeddable":true,"href":"https:\/\/guiadenoticias.com.ar\/diario\/wp-json\/wp\/v2\/media\/12398"}],"wp:attachment":[{"href":"https:\/\/guiadenoticias.com.ar\/diario\/wp-json\/wp\/v2\/media?parent=12397"}],"wp:term":[{"taxonomy":"category","embeddable":true,"href":"https:\/\/guiadenoticias.com.ar\/diario\/wp-json\/wp\/v2\/categories?post=12397"},{"taxonomy":"post_tag","embeddable":true,"href":"https:\/\/guiadenoticias.com.ar\/diario\/wp-json\/wp\/v2\/tags?post=12397"}],"curies":[{"name":"wp","href":"https:\/\/api.w.org\/{rel}","templated":true}]}}