{"id":12652,"date":"2019-03-29T00:33:12","date_gmt":"2019-03-29T03:33:12","guid":{"rendered":"https:\/\/guiadenoticias.com.ar\/diario\/?p=12652"},"modified":"2019-03-29T00:33:12","modified_gmt":"2019-03-29T03:33:12","slug":"ferreyra-y-achilli-cierran-filas-de-cara-a-las-elecciones","status":"publish","type":"post","link":"https:\/\/guiadenoticias.com.ar\/diario\/ferreyra-y-achilli-cierran-filas-de-cara-a-las-elecciones\/","title":{"rendered":"Ferreyra y Achilli cierran filas de cara a las elecciones"},"content":{"rendered":"<p>Aunque compartieron el recinto en el Concejo Deliberante, Federico Ferreyra y Diego Achilli trabajan juntos desde hace unos a\u00f1os tanto en la actividad social como en la pol\u00edtica. Ahora, el ex concejal por el Frente Renovador confirm\u00f3 a Gu\u00eda de Noticias, en una entrevista compartida, que ser\u00e1 candidato por el partido de Sergio Massa; y el edil del Partido GEN asegur\u00f3 que lo acompa\u00f1ar\u00e1 en su apuesta.<\/p>\n<p>Ambos son referentes del Colectivo Tres de Febrero, una red de ayuda social y solidaria que cubre necesidades en los barrios. Sobre esta base, Achilli anunci\u00f3: \u201cCaminamos hace mucho y lleg\u00f3 el tiempo de trabajar por la candidatura de Sergio Massa a nivel nacional y de m\u00ed en Tres de Febrero\u201d.<\/p>\n<p>Por su lado, Ferreyra confes\u00f3 que renovar su banca de concejal \u201cno es prioridad\u201d. \u201cTodo lo que venimos trabajando estos a\u00f1os lo vamos a volcar en la candidatura de Diego. El objetivo es estar el d\u00eda de ma\u00f1ana para solucionar los problemas de los vecinos\u201d.<\/p>\n<p>Para Achilli, \u201cSergio Massa, el pr\u00f3ximo 2 de abril, har\u00e1 su lanzamiento, con los diez compromisos que asumir\u00e1 como candidato y futuro presidente de la Naci\u00f3n, diez pol\u00edticas de Estado para debatir. Cuando vemos la fuerza que pone, lo menos que podemos hacer es acompa\u00f1arlo, y trabajar por los vecinos de Tres de Febrero\u201d.<\/p>\n<p>Ferreyra tambi\u00e9n cree que el \u201ctercer espacio\u201d, alternativo a Cambiemos y el kirchnerismo puede pegar el salto, aunque duda de qui\u00e9n ser\u00e1 su candidato al sill\u00f3n de Rivadavia. \u201cA nivel partidario, si el candidato es Sergio Massa o es otro (por Lavagna), no lo sabemos. Pero el pr\u00f3ximo presidente saldr\u00e1 del espacio donde est\u00e1 Margarita (Stolbizer), donde est\u00e1 Sergio. Este tercer espacio que aparece para romper la brecha tan da\u00f1ina. La pr\u00f3xima Argentina nos tiene que encontrar a todos unidos para solucionar los problemas que nos dejan hoy\u201d.<\/p>\n<p>Ante la consulta sobre si el economista es la figura de consenso, el hombre del GEN respondi\u00f3 que \u201cdentro de este tercer espacio quienes tengamos un proyecto tenemos que estar juntos\u201d.<\/p>\n<p><strong>LOS PROBLEMAS DE TRES DE FEBRERO<\/strong><\/p>\n<p>Ambos entrevistados reconocieron que se encontraron con la necesidad de trabajar juntos \u201cen el momento de la necesidad de la gente\u201d por medio del Colectivo Tres de Febrero. \u201cLa situaci\u00f3n social que se vive nos llev\u00f3 a estar juntos a nosotros y la gente que se fue sumando. Las dificultades las vemos en el d\u00eda a d\u00eda, y es mucho trabajo para uno solo\u201d.<\/p>\n<p>Para Achilli, \u201ccon el Colectivo m\u00e1s que hacer actividades quisimos dar una mano, lo cual es para nosotros el fin de la pol\u00edtica, solucionar los problemas de la gente\u201d. En este sentido destac\u00f3 la labor comunitaria que desarrollan: \u201cAyudamos a las escuelas, centros de jubilados, clubes, pudimos dar una mano a los vecinos. As\u00ed que estamos muy contentos por el camino recorrido. Y con toda la gente y las entidades barriales pudimos profundizar nuestro v\u00ednculo\u201d.<\/p>\n<p>\u201cComo somos vecinos desde siempre, en Tres de Febrero hay cosas que vivimos a diario\u201d, a\u00f1adi\u00f3 el referente massista, \u201cen particular, lo que destaco es el deterioro de los \u00faltimos tres a\u00f1os en la econom\u00eda\u201d.\u00a0 Mientras que \u201cvemos a la gesti\u00f3n municipal, que tiene un mont\u00f3n de problemas para resolver pero no los escucha\u201d, resalt\u00f3.<\/p>\n<p>Ferreyra concluy\u00f3 que \u201cel trabajo en la calle nos dio herramientas para la tarea legislativa, dentro del Concejo Deliberante, y para el d\u00eda que nos toque gobernar. Nos encontramos con un mont\u00f3n de proyectos presentados en el HCD y para el d\u00eda de ma\u00f1ana, cuando a Diego le toque gobernar\u201d.<\/p>\n","protected":false},"excerpt":{"rendered":"<p>Aunque compartieron el recinto en el Concejo Deliberante, Federico Ferreyra y Diego Achilli trabajan juntos desde hace unos a\u00f1os tanto en la actividad social como en la pol\u00edtica. Ahora, el ex concejal por el Frente Renovador confirm\u00f3 a Gu\u00eda de Noticias, en una entrevista compartida, que ser\u00e1 candidato por el partido de Sergio Massa; y [&hellip;]<\/p>\n","protected":false},"author":1,"featured_media":12653,"comment_status":"closed","ping_status":"open","sticky":false,"template":"","format":"standard","meta":{"footnotes":""},"categories":[20,48,26],"tags":[],"class_list":{"0":"post-12652","1":"post","2":"type-post","3":"status-publish","4":"format-standard","5":"has-post-thumbnail","7":"category-municipios","8":"category-politica-argentina","9":"category-tres-de-febrero"},"aioseo_notices":[],"_links":{"self":[{"href":"https:\/\/guiadenoticias.com.ar\/diario\/wp-json\/wp\/v2\/posts\/12652","targetHints":{"allow":["GET"]}}],"collection":[{"href":"https:\/\/guiadenoticias.com.ar\/diario\/wp-json\/wp\/v2\/posts"}],"about":[{"href":"https:\/\/guiadenoticias.com.ar\/diario\/wp-json\/wp\/v2\/types\/post"}],"author":[{"embeddable":true,"href":"https:\/\/guiadenoticias.com.ar\/diario\/wp-json\/wp\/v2\/users\/1"}],"replies":[{"embeddable":true,"href":"https:\/\/guiadenoticias.com.ar\/diario\/wp-json\/wp\/v2\/comments?post=12652"}],"version-history":[{"count":1,"href":"https:\/\/guiadenoticias.com.ar\/diario\/wp-json\/wp\/v2\/posts\/12652\/revisions"}],"predecessor-version":[{"id":12654,"href":"https:\/\/guiadenoticias.com.ar\/diario\/wp-json\/wp\/v2\/posts\/12652\/revisions\/12654"}],"wp:featuredmedia":[{"embeddable":true,"href":"https:\/\/guiadenoticias.com.ar\/diario\/wp-json\/wp\/v2\/media\/12653"}],"wp:attachment":[{"href":"https:\/\/guiadenoticias.com.ar\/diario\/wp-json\/wp\/v2\/media?parent=12652"}],"wp:term":[{"taxonomy":"category","embeddable":true,"href":"https:\/\/guiadenoticias.com.ar\/diario\/wp-json\/wp\/v2\/categories?post=12652"},{"taxonomy":"post_tag","embeddable":true,"href":"https:\/\/guiadenoticias.com.ar\/diario\/wp-json\/wp\/v2\/tags?post=12652"}],"curies":[{"name":"wp","href":"https:\/\/api.w.org\/{rel}","templated":true}]}}