{"id":12678,"date":"2019-04-05T22:15:12","date_gmt":"2019-04-06T01:15:12","guid":{"rendered":"https:\/\/guiadenoticias.com.ar\/diario\/?p=12678"},"modified":"2019-04-05T22:15:12","modified_gmt":"2019-04-06T01:15:12","slug":"pymes-y-sindicatos-movilizados-contra-el-plan-economico-nacional","status":"publish","type":"post","link":"https:\/\/guiadenoticias.com.ar\/diario\/pymes-y-sindicatos-movilizados-contra-el-plan-economico-nacional\/","title":{"rendered":"Pymes y sindicatos, movilizados contra el plan econ\u00f3mico nacional"},"content":{"rendered":"<p>Gremios y organizaciones empresariales de San Mart\u00edn movilizaron juntos a la Plaza de los Dos Congresos por la \u201cunidad, producci\u00f3n y trabajo argentino\u201d. Los sindicatos de UOM, AOT (Textiles) y SETIA (Alimentaci\u00f3n), entre otros, fueron convocantes junto a CAPYME (C\u00e1mara de la Peque\u00f1a y Mediana Empresa), APYME (Asamblea de Peque\u00f1os y Medianos Empresarios) y la C\u00e1mara de Panader\u00edas y Confiter\u00edas.<\/p>\n<p>En ese marco difundieron un documento firmado por decenas de organizaciones, corrientes pol\u00edticas y sindicales, y marcharon con el fin de reclamar una ley nacional de emergencia para las empresas de menor tama\u00f1o. La protesta lleg\u00f3 luego al Congreso en conjunto con las CTA y los movimientos sociales de todo el pa\u00eds.<\/p>\n<p>En este sentido, el intendente Gabriel Katopodis acompa\u00f1\u00f3 la medida de fuerza y salud\u00f3 a los dirigentes antes de su partida en la Plaza Kennedy. \u201cCon todas estas organizaciones gremiales y empresariales declaramos la emergencia Pyme a principios de 2017. Ahora queremos que esa declaraci\u00f3n sea a nivel provincial y nacional. El Gobierno debe entender que no hay Argentina, no hay pa\u00eds posible, sin un proyecto productivo\u201d, explic\u00f3 ante los medios de comunicaci\u00f3n presentes.<\/p>\n<p>Para el jefe comunal,\u00a0 \u201cArgentina siempre sali\u00f3 adelante cuando la industria, cuando las Pymes, cuando los trabajadores fueron apoyados y apuntalados\u201d. Y demand\u00f3, \u201cnecesitamos reactivar el mercado interno y el consumo como la polea que alimente y ponga en marcha toda la econom\u00eda\u201d.<\/p>\n<p>Por su lado, Juan Ciolli, presidente de APYME, resalt\u00f3 que \u201cmarchar con los trabajadores es una experiencia in\u00e9dita y la venimos construyendo desde hace tiempo. El pedido de los trabajadores y los empresarios es un\u00edvoco, estamos en la misma problem\u00e1tica\u201d. El referente empresarial remarc\u00f3:\u00a0 \u201cEntendemos la alianza con los trabajadores como estrat\u00e9gica\u201d.<\/p>\n<p>Respecto del proyecto de emergencia, Ciolli alarm\u00f3 al se\u00f1alar que \u201cs\u00f3lo nos permitir\u00eda sobrevivir hasta diciembre. Est\u00e1 claro que sin un cambio de pol\u00edtica macroecon\u00f3mica es muy dif\u00edcil salir\u201d.<\/p>\n<p>Del lado de las organizaciones obreras, el metal\u00fargico Ram\u00f3n G\u00f3mez denunci\u00f3 \u201cla p\u00e9rdida de 5 mil puestos de trabajo, s\u00f3lo en San Mart\u00edn en los \u00faltimos a\u00f1os, que no se recuperan\u201d. Por lo cual \u201ceste conjunto de cosas nos hace la necesidad de unirnos con el empresario, por un cambio en el modelo econ\u00f3mico que apoye a la industria nacional\u201d.<\/p>\n<p>El concejal peronista no fue el \u00fanico edil que dio el presente, ya que su compa\u00f1era del oficialismo Georgina Bitz tambi\u00e9n moviliz\u00f3 desde la Plaza Kennedy de San Mart\u00edn. Por parte de los gremios sumaron fuerzas los textiles con Mar\u00eda Victoria Olalla, Sergio Escalante de Alimentaci\u00f3n, Camioneros, SMATA y cooperativas. Desde el campo empresario participaron el panadero Claudio Cova y Pascual Saccomanno del movimiento Ni una Pyme Menos.<\/p>\n","protected":false},"excerpt":{"rendered":"<p>Gremios y organizaciones empresariales de San Mart\u00edn movilizaron juntos a la Plaza de los Dos Congresos por la \u201cunidad, producci\u00f3n y trabajo argentino\u201d. Los sindicatos de UOM, AOT (Textiles) y SETIA (Alimentaci\u00f3n), entre otros, fueron convocantes junto a CAPYME (C\u00e1mara de la Peque\u00f1a y Mediana Empresa), APYME (Asamblea de Peque\u00f1os y Medianos Empresarios) y la [&hellip;]<\/p>\n","protected":false},"author":1,"featured_media":12679,"comment_status":"closed","ping_status":"open","sticky":false,"template":"","format":"standard","meta":{"footnotes":""},"categories":[49,20,48,24],"tags":[],"class_list":{"0":"post-12678","1":"post","2":"type-post","3":"status-publish","4":"format-standard","5":"has-post-thumbnail","7":"category-economia-y-gremiales","8":"category-municipios","9":"category-politica-argentina","10":"category-san-martin"},"aioseo_notices":[],"_links":{"self":[{"href":"https:\/\/guiadenoticias.com.ar\/diario\/wp-json\/wp\/v2\/posts\/12678","targetHints":{"allow":["GET"]}}],"collection":[{"href":"https:\/\/guiadenoticias.com.ar\/diario\/wp-json\/wp\/v2\/posts"}],"about":[{"href":"https:\/\/guiadenoticias.com.ar\/diario\/wp-json\/wp\/v2\/types\/post"}],"author":[{"embeddable":true,"href":"https:\/\/guiadenoticias.com.ar\/diario\/wp-json\/wp\/v2\/users\/1"}],"replies":[{"embeddable":true,"href":"https:\/\/guiadenoticias.com.ar\/diario\/wp-json\/wp\/v2\/comments?post=12678"}],"version-history":[{"count":1,"href":"https:\/\/guiadenoticias.com.ar\/diario\/wp-json\/wp\/v2\/posts\/12678\/revisions"}],"predecessor-version":[{"id":12680,"href":"https:\/\/guiadenoticias.com.ar\/diario\/wp-json\/wp\/v2\/posts\/12678\/revisions\/12680"}],"wp:featuredmedia":[{"embeddable":true,"href":"https:\/\/guiadenoticias.com.ar\/diario\/wp-json\/wp\/v2\/media\/12679"}],"wp:attachment":[{"href":"https:\/\/guiadenoticias.com.ar\/diario\/wp-json\/wp\/v2\/media?parent=12678"}],"wp:term":[{"taxonomy":"category","embeddable":true,"href":"https:\/\/guiadenoticias.com.ar\/diario\/wp-json\/wp\/v2\/categories?post=12678"},{"taxonomy":"post_tag","embeddable":true,"href":"https:\/\/guiadenoticias.com.ar\/diario\/wp-json\/wp\/v2\/tags?post=12678"}],"curies":[{"name":"wp","href":"https:\/\/api.w.org\/{rel}","templated":true}]}}