{"id":12687,"date":"2019-04-07T20:12:22","date_gmt":"2019-04-07T23:12:22","guid":{"rendered":"https:\/\/guiadenoticias.com.ar\/diario\/?p=12687"},"modified":"2019-04-11T01:39:53","modified_gmt":"2019-04-11T04:39:53","slug":"cova-al-gobierno-se-le-viene-el-final","status":"publish","type":"post","link":"https:\/\/guiadenoticias.com.ar\/diario\/cova-al-gobierno-se-le-viene-el-final\/","title":{"rendered":"Cova: \u201cAl Gobierno se le viene el final\u201d"},"content":{"rendered":"<p>El presidente de la C\u00e1mara de Panaderos de San Mart\u00edn, Claudio Cova, sum\u00f3 fuerzas como representante sectorial a la Marcha por la Unidad, la Producci\u00f3n y el Trabajo, que protest\u00f3 por las pol\u00edticas oficiales, en la Plaza de los Dos Congresos. Con otros dirigentes del \u00e1mbito Pyme local, coincidi\u00f3 en pedir al gobierno nacional un \u201ccambio de rumbo en las pol\u00edticas econ\u00f3micas\u201d.<\/p>\n<p>Antes de la movilizaci\u00f3n de gremios y entidades empresariales, que parti\u00f3 de Plaza Kennedy, Cova destac\u00f3: \u201cVa a ser una marcha muy representativa de la situaci\u00f3n que vivimos. Necesitamos apoyarnos entre las Pymes, los sindicatos y todos los compa\u00f1eros\u201d.\u00a0 Y destac\u00f3: \u201cCon respecto a este gobierno, me parece que ya se le viene el final, no s\u00f3lo se termina el mandato, sino que se van directamente\u201d.<\/p>\n<p>El referente panaderil hab\u00eda visibilizado en enero con un \u201cpanazo\u201d la crisis que atraviesa su sector, a causa de los aumentos de tarifas y la ca\u00edda del consumo. En el marco de articulaciones intersectoriales, forma parte de la dirigencia empresarial sanmartinense que milita por un cambio del rumbo econ\u00f3mico; integra el movimiento \u201cNi una Pyme menos\u201d y de la mesas empresarias gestadas por el PJ nacional.<\/p>\n<p>Por otro lado, como referente peronista, integra la lista de postulantes a la Intendencia. Consultado por una posible alineaci\u00f3n con el actual intendente, respondi\u00f3 que \u201cdecidimos no ir con Katopodis ni con Letcher. Acordamos que sea la gente la que decida en las PASO, vamos a ir a la interna y es la gente que va a decir qui\u00e9n va a ser el candidato del PJ\u00bb.<\/p>\n<p>Desde su entorno aseguran que tendr\u00e1n lista dentro del armado peronista y kirchnerista, y difunden sondeos en los que figura tercero en intenci\u00f3n de votos, detr\u00e1s del actual jefe comunal y el referente camporista.<\/p>\n","protected":false},"excerpt":{"rendered":"<p>El presidente de la C\u00e1mara de Panaderos de San Mart\u00edn, Claudio Cova, sum\u00f3 fuerzas como representante sectorial a la Marcha por la Unidad, la Producci\u00f3n y el Trabajo, que protest\u00f3 por las pol\u00edticas oficiales, en la Plaza de los Dos Congresos. Con otros dirigentes del \u00e1mbito Pyme local, coincidi\u00f3 en pedir al gobierno nacional un [&hellip;]<\/p>\n","protected":false},"author":1,"featured_media":12688,"comment_status":"closed","ping_status":"open","sticky":false,"template":"","format":"standard","meta":{"footnotes":""},"categories":[49,20,48,24],"tags":[],"class_list":{"0":"post-12687","1":"post","2":"type-post","3":"status-publish","4":"format-standard","5":"has-post-thumbnail","7":"category-economia-y-gremiales","8":"category-municipios","9":"category-politica-argentina","10":"category-san-martin"},"aioseo_notices":[],"_links":{"self":[{"href":"https:\/\/guiadenoticias.com.ar\/diario\/wp-json\/wp\/v2\/posts\/12687","targetHints":{"allow":["GET"]}}],"collection":[{"href":"https:\/\/guiadenoticias.com.ar\/diario\/wp-json\/wp\/v2\/posts"}],"about":[{"href":"https:\/\/guiadenoticias.com.ar\/diario\/wp-json\/wp\/v2\/types\/post"}],"author":[{"embeddable":true,"href":"https:\/\/guiadenoticias.com.ar\/diario\/wp-json\/wp\/v2\/users\/1"}],"replies":[{"embeddable":true,"href":"https:\/\/guiadenoticias.com.ar\/diario\/wp-json\/wp\/v2\/comments?post=12687"}],"version-history":[{"count":3,"href":"https:\/\/guiadenoticias.com.ar\/diario\/wp-json\/wp\/v2\/posts\/12687\/revisions"}],"predecessor-version":[{"id":12714,"href":"https:\/\/guiadenoticias.com.ar\/diario\/wp-json\/wp\/v2\/posts\/12687\/revisions\/12714"}],"wp:featuredmedia":[{"embeddable":true,"href":"https:\/\/guiadenoticias.com.ar\/diario\/wp-json\/wp\/v2\/media\/12688"}],"wp:attachment":[{"href":"https:\/\/guiadenoticias.com.ar\/diario\/wp-json\/wp\/v2\/media?parent=12687"}],"wp:term":[{"taxonomy":"category","embeddable":true,"href":"https:\/\/guiadenoticias.com.ar\/diario\/wp-json\/wp\/v2\/categories?post=12687"},{"taxonomy":"post_tag","embeddable":true,"href":"https:\/\/guiadenoticias.com.ar\/diario\/wp-json\/wp\/v2\/tags?post=12687"}],"curies":[{"name":"wp","href":"https:\/\/api.w.org\/{rel}","templated":true}]}}