{"id":12707,"date":"2019-04-11T01:09:00","date_gmt":"2019-04-11T04:09:00","guid":{"rendered":"https:\/\/guiadenoticias.com.ar\/diario\/?p=12707"},"modified":"2019-04-11T01:09:00","modified_gmt":"2019-04-11T04:09:00","slug":"reunion-en-sm-de-mesa-de-emergencia-textil","status":"publish","type":"post","link":"https:\/\/guiadenoticias.com.ar\/diario\/reunion-en-sm-de-mesa-de-emergencia-textil\/","title":{"rendered":"Reuni\u00f3n en SM de Mesa de Emergencia Textil"},"content":{"rendered":"<p>El intendente Gabriel Katopodis particip\u00f3 de la Mesa de Emergencia Textil junto a diferentes representantes nacionales, provinciales y locales del sector, encuentro convocado por el municipio de San Mart\u00edn y la Fundaci\u00f3n Pro Tejer, en el Centro Miguelete.<\/p>\n<p>Durante la jornada, el jefe comunal destac\u00f3: \u201cConvocamos a los representantes de la industria textil para proponer medidas urgentes frente a la crisis que est\u00e1 destruyendo al sector. En estos tres a\u00f1os perdimos miles de puestos de trabajo textiles en el pa\u00eds y muchos en San Mart\u00edn\u201d.<\/p>\n<p>Agreg\u00f3 que \u201cel problema es que el gobierno de Macri no cree en la industria nacional y en que las Pymes son el motor de la econom\u00eda. Por eso exigimos al Poder Ejecutivo que termine con estas pol\u00edticas irracionales y que cierre las importaciones, genere un programa de desarrollo, una tasa diferencial y una tarifa Pyme. El pr\u00f3ximo gobierno va a tener una prioridad, cuidar el trabajo argentino\u201d.<\/p>\n<p>En el encuentro, los diferentes actores expusieron sobre la situaci\u00f3n que atraviesa el sector textil, confecciones, calzado y marroquiner\u00eda; la ca\u00edda del mercado interno, los costos de producci\u00f3n creciente y las tasas de inter\u00e9s que imposibilitan el financiamiento.<\/p>\n<p>Adem\u00e1s, se present\u00f3 un plan con medidas urgentes para el Poder Ejecutivo Nacional, que contempla reg\u00edmenes especiales para el pago de obligaciones impositivas y seguridad social; medidas de asistencia t\u00e9cnica y financiera; un esquema de derechos de exportaci\u00f3n y de reintegros; y medidas que estimulen la demanda de productos como la extensi\u00f3n de los programas Ahora 3, 6 y 12 cuotas.<\/p>\n<p>Asimismo, desde la mesa solicitan un l\u00edmite al volumen o el valor de las mercanc\u00edas importadas; incorporar a la actividad de dise\u00f1o y confecci\u00f3n de prendas a los beneficios previstos por el nuevo proyecto de ley de econom\u00eda del conocimiento; y retrotraer las tarifas de servicios p\u00fablicos de agua, luz y gas a noviembre de 2017.<\/p>\n<p>Participaron de Catamarca el ministro de Producci\u00f3n y Desarrollo, Daniel Zelaray\u00e1n, y el subsecretario de Industria, Lisandro \u00c1lvarez; el secretario de Producci\u00f3n y Desarrollo Econ\u00f3mico municipal, Alejandro Tsolis; los secretarios de Producci\u00f3n de La Matanza, D\u00e9bora Giorgi; de Saavedra \u2013Pig\u00fce, Guillermo Oustry; y el subsecretario de Producci\u00f3n de Moreno, Gast\u00f3n Fraga. Tambi\u00e9n, el vicepresidente, el secretario y el director ejecutivo de la Fundaci\u00f3n Pro Tejer, Carlos Diforti, Luciano Garfione y Ariel Schale, respectivamente.<\/p>\n<p>Estuvieron presentes tambi\u00e9n representantes del Instituto Nacional de Tecnolog\u00eda Industrial (INTI), los sindicatos SETIA, AOT de San Mart\u00edn, la Uni\u00f3n Cortadores de la Indumentaria, y las c\u00e1maras empresarias CIMA, CAFAICYN, CGERA, la C\u00e1mara de Textiles de Pig\u00fce, UIA Joven, APYME, FITA y CIAI.<\/p>\n","protected":false},"excerpt":{"rendered":"<p>El intendente Gabriel Katopodis particip\u00f3 de la Mesa de Emergencia Textil junto a diferentes representantes nacionales, provinciales y locales del sector, encuentro convocado por el municipio de San Mart\u00edn y la Fundaci\u00f3n Pro Tejer, en el Centro Miguelete. Durante la jornada, el jefe comunal destac\u00f3: \u201cConvocamos a los representantes de la industria textil para proponer [&hellip;]<\/p>\n","protected":false},"author":1,"featured_media":12708,"comment_status":"closed","ping_status":"open","sticky":false,"template":"","format":"standard","meta":{"footnotes":""},"categories":[49,20,48,24],"tags":[],"class_list":{"0":"post-12707","1":"post","2":"type-post","3":"status-publish","4":"format-standard","5":"has-post-thumbnail","7":"category-economia-y-gremiales","8":"category-municipios","9":"category-politica-argentina","10":"category-san-martin"},"aioseo_notices":[],"_links":{"self":[{"href":"https:\/\/guiadenoticias.com.ar\/diario\/wp-json\/wp\/v2\/posts\/12707","targetHints":{"allow":["GET"]}}],"collection":[{"href":"https:\/\/guiadenoticias.com.ar\/diario\/wp-json\/wp\/v2\/posts"}],"about":[{"href":"https:\/\/guiadenoticias.com.ar\/diario\/wp-json\/wp\/v2\/types\/post"}],"author":[{"embeddable":true,"href":"https:\/\/guiadenoticias.com.ar\/diario\/wp-json\/wp\/v2\/users\/1"}],"replies":[{"embeddable":true,"href":"https:\/\/guiadenoticias.com.ar\/diario\/wp-json\/wp\/v2\/comments?post=12707"}],"version-history":[{"count":1,"href":"https:\/\/guiadenoticias.com.ar\/diario\/wp-json\/wp\/v2\/posts\/12707\/revisions"}],"predecessor-version":[{"id":12709,"href":"https:\/\/guiadenoticias.com.ar\/diario\/wp-json\/wp\/v2\/posts\/12707\/revisions\/12709"}],"wp:featuredmedia":[{"embeddable":true,"href":"https:\/\/guiadenoticias.com.ar\/diario\/wp-json\/wp\/v2\/media\/12708"}],"wp:attachment":[{"href":"https:\/\/guiadenoticias.com.ar\/diario\/wp-json\/wp\/v2\/media?parent=12707"}],"wp:term":[{"taxonomy":"category","embeddable":true,"href":"https:\/\/guiadenoticias.com.ar\/diario\/wp-json\/wp\/v2\/categories?post=12707"},{"taxonomy":"post_tag","embeddable":true,"href":"https:\/\/guiadenoticias.com.ar\/diario\/wp-json\/wp\/v2\/tags?post=12707"}],"curies":[{"name":"wp","href":"https:\/\/api.w.org\/{rel}","templated":true}]}}