{"id":12738,"date":"2019-04-19T17:02:11","date_gmt":"2019-04-19T20:02:11","guid":{"rendered":"https:\/\/guiadenoticias.com.ar\/diario\/?p=12738"},"modified":"2019-04-19T17:02:11","modified_gmt":"2019-04-19T20:02:11","slug":"tagliaferro-y-cassinotti-inauguraron-nueva-sede-de-pami","status":"publish","type":"post","link":"https:\/\/guiadenoticias.com.ar\/diario\/tagliaferro-y-cassinotti-inauguraron-nueva-sede-de-pami\/","title":{"rendered":"Tagliaferro y Cassinotti inauguraron nueva sede de PAMI"},"content":{"rendered":"<p>El intendente de Mor\u00f3n, Ramiro Tagliaferro, y Sergio Cassinotti, director nacional del PAMI, acompa\u00f1ados por Rodolfo Bentaverri, director regional, recorrieron la nueva dependencia que cuenta con m\u00e1s puestos de atenci\u00f3n y amplias instalaciones para los 190 mil afiliados que tienen a Mor\u00f3n como cabecera.<\/p>\n<p>As\u00ed qued\u00f3 oficialmente inaugurada la sede ubicada en 25 de Mayo 330. Atender\u00e1n no s\u00f3lo a los 50 mil afiliados de Mor\u00f3n, sino tambi\u00e9n a los 140 mil de otras regiones como Hurlingham, Ituzaing\u00f3, Merlo y Moreno.<\/p>\n<p>La sede cuenta con una ventanilla de atenci\u00f3n integral de tr\u00e1mites para evitar trasladarse a distintas oficinas, agilizando el proceso. A su vez tiene m\u00e1s puestos y una amplia sala de espera.<\/p>\n<p>\u201cEste es un avance m\u00e1s en todo lo que hace esta gesti\u00f3n en beneficio de nuestros abuelos. Los 50 mil afiliados moronenses estar\u00e1n en un lugar m\u00e1s c\u00f3modo, recibiendo una atenci\u00f3n \u00e1gil y de mayor calidad\u201d, indic\u00f3 el jefe comunal.<\/p>\n<p>Durante la recorrida tambi\u00e9n se descubrieron cuatro pinturas realizadas por el pintor y ciudadano ilustre de Mor\u00f3n, Carlos Ghio, que fueron donadas para que queden expuestas.<\/p>\n","protected":false},"excerpt":{"rendered":"<p>El intendente de Mor\u00f3n, Ramiro Tagliaferro, y Sergio Cassinotti, director nacional del PAMI, acompa\u00f1ados por Rodolfo Bentaverri, director regional, recorrieron la nueva dependencia que cuenta con m\u00e1s puestos de atenci\u00f3n y amplias instalaciones para los 190 mil afiliados que tienen a Mor\u00f3n como cabecera. As\u00ed qued\u00f3 oficialmente inaugurada la sede ubicada en 25 de Mayo [&hellip;]<\/p>\n","protected":false},"author":1,"featured_media":12739,"comment_status":"closed","ping_status":"open","sticky":false,"template":"","format":"standard","meta":{"footnotes":""},"categories":[27,29,55,28,20],"tags":[],"class_list":{"0":"post-12738","1":"post","2":"type-post","3":"status-publish","4":"format-standard","5":"has-post-thumbnail","7":"category-hurlingham","8":"category-ituzaingo","9":"category-merlo","10":"category-moron","11":"category-municipios"},"aioseo_notices":[],"_links":{"self":[{"href":"https:\/\/guiadenoticias.com.ar\/diario\/wp-json\/wp\/v2\/posts\/12738","targetHints":{"allow":["GET"]}}],"collection":[{"href":"https:\/\/guiadenoticias.com.ar\/diario\/wp-json\/wp\/v2\/posts"}],"about":[{"href":"https:\/\/guiadenoticias.com.ar\/diario\/wp-json\/wp\/v2\/types\/post"}],"author":[{"embeddable":true,"href":"https:\/\/guiadenoticias.com.ar\/diario\/wp-json\/wp\/v2\/users\/1"}],"replies":[{"embeddable":true,"href":"https:\/\/guiadenoticias.com.ar\/diario\/wp-json\/wp\/v2\/comments?post=12738"}],"version-history":[{"count":1,"href":"https:\/\/guiadenoticias.com.ar\/diario\/wp-json\/wp\/v2\/posts\/12738\/revisions"}],"predecessor-version":[{"id":12740,"href":"https:\/\/guiadenoticias.com.ar\/diario\/wp-json\/wp\/v2\/posts\/12738\/revisions\/12740"}],"wp:featuredmedia":[{"embeddable":true,"href":"https:\/\/guiadenoticias.com.ar\/diario\/wp-json\/wp\/v2\/media\/12739"}],"wp:attachment":[{"href":"https:\/\/guiadenoticias.com.ar\/diario\/wp-json\/wp\/v2\/media?parent=12738"}],"wp:term":[{"taxonomy":"category","embeddable":true,"href":"https:\/\/guiadenoticias.com.ar\/diario\/wp-json\/wp\/v2\/categories?post=12738"},{"taxonomy":"post_tag","embeddable":true,"href":"https:\/\/guiadenoticias.com.ar\/diario\/wp-json\/wp\/v2\/tags?post=12738"}],"curies":[{"name":"wp","href":"https:\/\/api.w.org\/{rel}","templated":true}]}}