{"id":12741,"date":"2019-04-19T17:36:58","date_gmt":"2019-04-19T20:36:58","guid":{"rendered":"https:\/\/guiadenoticias.com.ar\/diario\/?p=12741"},"modified":"2019-04-19T17:36:58","modified_gmt":"2019-04-19T20:36:58","slug":"las-cuentas-municipales-de-3f-aprobadas-con-superavit","status":"publish","type":"post","link":"https:\/\/guiadenoticias.com.ar\/diario\/las-cuentas-municipales-de-3f-aprobadas-con-superavit\/","title":{"rendered":"Las cuentas municipales de 3F, aprobadas con super\u00e1vit"},"content":{"rendered":"<p>El Concejo Deliberante de Tres de Febrero trat\u00f3 la Rendici\u00f3n de Cuentas del ejercicio 2018, con 23 ediles presentes. El Cuerpo aprob\u00f3 la ejecuci\u00f3n de partidas del gobierno de Diego Valenzuela por medio de 11 votos a favor, 10 en contra y 2 abstenciones. Jimena Bondaruk (Frente Renovador) estuvo ausente con aviso.<\/p>\n<p>Juan Carlos Berns, miembro informante del oficialismo, detall\u00f3 que la ejecuci\u00f3n total fue de 3.600 millones, frente a los 3.497 millones presupuestados. No obstante, el ejercicio cerr\u00f3 con super\u00e1vit debido sobre todo a la llegada de fondos con destinos espec\u00edficos, enviados por Provincia y Naci\u00f3n.<\/p>\n<p>El hombre de Cambiemos explic\u00f3 que los recursos utilizados el a\u00f1o pasado fueron en \u201c52% origen municipal, 38% provincial y 10% nacional\u201d. En cuanto a las \u00e1reas fue destacada la inversi\u00f3n del \u201c44% en la Secretar\u00eda de Desarrollo Urbano, 7% en la de Seguridad\u00a0 y 10% en la de Salud\u201d.<\/p>\n<p>Como resultado, el municipio logr\u00f3 un super\u00e1vit de 32 millones de pesos. \u201cComparado con los 27 millones de d\u00e9ficit en 2017, logramos un super\u00e1vit superior a los 4 millones de pesos\u201d, analiz\u00f3 Berns, aunque admiti\u00f3 una deuda flotante de 62 millones.<\/p>\n<p>Por lo tanto consider\u00f3 que hubo \u201cuna mejora en los comportamientos financieros y una eficiente administraci\u00f3n de los fondos p\u00fablicos por parte de Departamento Ejecutivo\u201d.<\/p>\n<p><strong>DENUNCIAS Y CHICANAS<\/strong><\/p>\n<p>Agust\u00edn Ciorciari comunic\u00f3 el despacho de minor\u00eda del bloque PJ-FpV-UC, que rechaz\u00f3 la Rendici\u00f3n. Entre los fundamentos llam\u00f3 la atenci\u00f3n sobre \u201clos asesores de la Secretar\u00eda de Seguridad, que son polic\u00edas retirados que no viven aqu\u00ed\u201d. \u00a0Y apunt\u00f3, \u201cel tema que a cada vecino vive con m\u00e1s preocupaci\u00f3n es la inseguridad. Tenemos que marcar al Departamento Ejecutivo los errores cometidos en esa \u00e1rea\u201d.<\/p>\n<p>El presidente de su bancada, M\u00e1ximo Rodr\u00edguez, puso el foco en las dificultades recaudatorias. \u201cTuvimos una ca\u00edda real de la recaudaci\u00f3n de 6%. S\u00f3lo 537 millones de pesos cobramos de los 755 millones devengados en la tasa de Servicios Generales\u201d.<\/p>\n<p>Adem\u00e1s, se\u00f1al\u00f3 falta de ejecuci\u00f3n en partidas educativas: \u201cHay una subejecuci\u00f3n de 14 millones en el servicio alimentario escolar. Por favor pongamos un poco m\u00e1s de atenci\u00f3n en los ni\u00f1os\u201d.<\/p>\n<p>\u201cNecesitamos controlarnos mutuamente. Hoy est\u00e1n ustedes, nosotros quiz\u00e1 ma\u00f1ana. Pero necesitamos hacer m\u00e1s transparente el gasto\u201d, justific\u00f3 el dirigente peronista. Otros de los puntos en los que el espacio kirchnerista llam\u00f3 la atenci\u00f3n es en la contrataci\u00f3n de monotributistas \u201cque cobran el doble de los empleados municipales de planta\u201d; y los pagos a \u201cempresas que tienen un mismo domicilio y fueron creadas desde 2016\u201d. Pero la frutilla del postre fue la menci\u00f3n a la \u201ccontrataci\u00f3n de un asesor de corso por 380 mil pesos\u201d.<\/p>\n<p>Ante las acusaciones, Berns contraatac\u00f3: \u201cLos opositores nunca me pidieron informes, pero ahora hacen un show. Comprendo que haya una lectura pol\u00edtica en las v\u00edsperas de las elecciones, pero ese an\u00e1lisis lo va a hacer el vecino en octubre\u201d.<\/p>\n<p>Sin embargo, su compa\u00f1ero del PRO Edgardo Novello defendi\u00f3 la gesti\u00f3n de Cambiemos con una lectura pol\u00edtica. \u201cNo esquivamos el bulto, nos hacemos cargo de la situaci\u00f3n econ\u00f3mica. Hay m\u00e1quinas en obra por todo el distrito y desde todos los \u00f3rdenes ponemos el foco en lo social\u201d, dijo. Y apunt\u00f3 contra los gobiernos peronistas por la crisis social: \u201cMenem sac\u00f3 el servicio militar, Duhalde destruy\u00f3 el colegio secundario y luego llenaron las villas de paco. Hoy no vemos cient\u00edficos rusos en la calle, sino adolescentes con un destornillador en la mano y el cerebro quemado\u201d, grafic\u00f3.<\/p>\n<p><strong>SPALLETTI Y JOFR\u00c9, DECISIVOS<\/strong><\/p>\n<p>A la hora de votar fueron decisivas la posiciones de los bloques del massismo y el peronista federal Gustavo Spalletti. A su turno, Mart\u00edn Jofr\u00e9 anunci\u00f3 la abstenci\u00f3n del bloque Frente Renovador, junto a su compa\u00f1era Sandra Liz\u00e1rraga. \u201cMe pone incomod\u00f3 cuando en la Rendici\u00f3n de Cuentas se hacen consideraciones pol\u00edticas. Esta es una instancia t\u00e9cnica\u201d, aleg\u00f3.<\/p>\n<p>Mientras que Spalletti, alineado hoy con Juan Manuel Urtubey, entendi\u00f3 que \u201cla Rendici\u00f3n se ajusta a derecho\u201d, y con su voto inclin\u00f3 la balanza definitivamente hacia la aprobaci\u00f3n.<\/p>\n","protected":false},"excerpt":{"rendered":"<p>El Concejo Deliberante de Tres de Febrero trat\u00f3 la Rendici\u00f3n de Cuentas del ejercicio 2018, con 23 ediles presentes. El Cuerpo aprob\u00f3 la ejecuci\u00f3n de partidas del gobierno de Diego Valenzuela por medio de 11 votos a favor, 10 en contra y 2 abstenciones. Jimena Bondaruk (Frente Renovador) estuvo ausente con aviso. Juan Carlos Berns, [&hellip;]<\/p>\n","protected":false},"author":1,"featured_media":12742,"comment_status":"closed","ping_status":"open","sticky":false,"template":"","format":"standard","meta":{"footnotes":""},"categories":[49,20,48,26],"tags":[],"class_list":{"0":"post-12741","1":"post","2":"type-post","3":"status-publish","4":"format-standard","5":"has-post-thumbnail","7":"category-economia-y-gremiales","8":"category-municipios","9":"category-politica-argentina","10":"category-tres-de-febrero"},"aioseo_notices":[],"_links":{"self":[{"href":"https:\/\/guiadenoticias.com.ar\/diario\/wp-json\/wp\/v2\/posts\/12741","targetHints":{"allow":["GET"]}}],"collection":[{"href":"https:\/\/guiadenoticias.com.ar\/diario\/wp-json\/wp\/v2\/posts"}],"about":[{"href":"https:\/\/guiadenoticias.com.ar\/diario\/wp-json\/wp\/v2\/types\/post"}],"author":[{"embeddable":true,"href":"https:\/\/guiadenoticias.com.ar\/diario\/wp-json\/wp\/v2\/users\/1"}],"replies":[{"embeddable":true,"href":"https:\/\/guiadenoticias.com.ar\/diario\/wp-json\/wp\/v2\/comments?post=12741"}],"version-history":[{"count":1,"href":"https:\/\/guiadenoticias.com.ar\/diario\/wp-json\/wp\/v2\/posts\/12741\/revisions"}],"predecessor-version":[{"id":12743,"href":"https:\/\/guiadenoticias.com.ar\/diario\/wp-json\/wp\/v2\/posts\/12741\/revisions\/12743"}],"wp:featuredmedia":[{"embeddable":true,"href":"https:\/\/guiadenoticias.com.ar\/diario\/wp-json\/wp\/v2\/media\/12742"}],"wp:attachment":[{"href":"https:\/\/guiadenoticias.com.ar\/diario\/wp-json\/wp\/v2\/media?parent=12741"}],"wp:term":[{"taxonomy":"category","embeddable":true,"href":"https:\/\/guiadenoticias.com.ar\/diario\/wp-json\/wp\/v2\/categories?post=12741"},{"taxonomy":"post_tag","embeddable":true,"href":"https:\/\/guiadenoticias.com.ar\/diario\/wp-json\/wp\/v2\/tags?post=12741"}],"curies":[{"name":"wp","href":"https:\/\/api.w.org\/{rel}","templated":true}]}}