{"id":12836,"date":"2019-05-02T23:58:36","date_gmt":"2019-05-03T02:58:36","guid":{"rendered":"https:\/\/guiadenoticias.com.ar\/diario\/?p=12836"},"modified":"2019-05-02T23:58:36","modified_gmt":"2019-05-03T02:58:36","slug":"alejandro-collia-y-su-expectativa-de-ser-protagonista","status":"publish","type":"post","link":"https:\/\/guiadenoticias.com.ar\/diario\/alejandro-collia-y-su-expectativa-de-ser-protagonista\/","title":{"rendered":"Alejandro Collia y su \u201cexpectativa de ser protagonista\u201d"},"content":{"rendered":"<p>Con su ambo de neurocirujano que connota prestigio m\u00e9dico, el concejal Alejandro Collia multiplic\u00f3 su retrato en las calles de Tres de Febrero. Ante la consulta de Gu\u00eda de Noticias sobre una posible candidatura respondi\u00f3: \u201cEn el marco de la campa\u00f1a pol\u00edtica todos los que militamos tenemos la expectativa de ser protagonistas\u201d.<\/p>\n<p>Recibi\u00f3 a este medio en la sede de la Agrupaci\u00f3n Ram\u00f3n Carrillo que \u00e9l conduce; un amplio espacio lindero al hospital provincial ubicado en Ciudadela, que dirigi\u00f3 13 a\u00f1os. Su oficina est\u00e1 decorada con testimonios de su carrera profesional y pol\u00edtica: simbolog\u00eda peronista, reconocimientos y testimonios de sus a\u00f1os como ministro de Salud bonaerense.<\/p>\n<p>El actual secretario de Salud de La Matanza asegur\u00f3 tambi\u00e9n que la propaganda con su nombre tiene un objetivo mayor que su promoci\u00f3n personal. \u201cLa visibilidad est\u00e1 en el marco de lo que estamos trabajando en el Frente para la Victoria y Unidad Ciudadana, que es construir unidad y garantizar el triunfo\u201d, ampli\u00f3.<\/p>\n<p>Y en cuanto a su rol como edil del bloque peronista en Tres de Febrero destac\u00f3: \u201cMi deber es estar cerca de la gente al recorrer los barrios. No es casual que haya alcanzado los 180 proyectos presentados en el Concejo Deliberante\u201d.<\/p>\n<p>Sin embargo, Collia tiene elementos que lo alientan a ser protagonista, incluso a pelear por la Intendencia. \u201cMuchos a\u00f1os de m\u00e9dico, desde mis 24 a\u00f1os, en la actividad privada, como director del Hospital Carrillo 13 a\u00f1os y otros tantos en el Bocalandro. Esto se puede observar en muchas acciones que desarroll\u00e9 en esos establecimientos\u201d.<\/p>\n<p>El dirigente fue viceministro de Salud en Provincia entre 2007 y 2009, y desde entonces hasta 2015 fue el m\u00e1ximo responsable de esa cartera. \u201cDesde all\u00ed trabaj\u00e9 en coordinaci\u00f3n con el intendente Curto para beneficio de Tres de Febrero. Y siempre particip\u00e9 de la actividad pol\u00edtica y social. Por eso tengo la expectativa de formar parte del equipo que toma decisiones por el futuro de esta ciudad. Puedo hacer mi aporte, como cualquier otro compa\u00f1ero\u201d, remarc\u00f3.<\/p>\n<p>Ante la consulta de c\u00f3mo se definen las candidaturas destac\u00f3: \u201cEn mi caso puntual privilegio la unidad. No se trata de amontonarnos, sino de tener convicciones claras antes de privilegiar lo personal. La unidad en funci\u00f3n de llevar adelante las pol\u00edticas de los gobiernos de N\u00e9stor y Cristina\u201d. Y alert\u00f3, \u201csi uno las compara con las que se llevaron adelante en los \u00faltimos tres a\u00f1os hubo una regresi\u00f3n en los medios de vida, en el bienestar de las familias, desde p\u00e9rdida de trabajo, de atenci\u00f3n en la salud\u201d.<\/p>\n<p>En ese marco admiti\u00f3 el lugar que la dirigencia y militancia peronista le sigue otorgando a Hugo Curto por su peso hist\u00f3rico. \u201cEs un hombre indiscutible dentro del peronismo. Y fue fundamental para la transformaci\u00f3n de Tres de Febrero. Aqu\u00ed hab\u00eda 1200 calles de tierra, hoy todas pavimentadas. Incorpor\u00f3 junto a Lorenzo Pepe la Universidad Nacional, la cual potenci\u00f3 a todos\u00a0 los j\u00f3venes del distrito y permite que muchos de sus sue\u00f1os sean realidad. La construcci\u00f3n del Hospital Bocalandro, el crecimiento del Carrillo, la Unidad de Pronta Atenci\u00f3n, los polideportivos, muchas obras de infraestructura\u201d, enumer\u00f3.<\/p>\n<p><strong>\u201cLA SALUD EST\u00c1 DESTRUIDA\u201d<\/strong><\/p>\n<p>Al ser consultado sobre la gesti\u00f3n de Diego Valenzuela observ\u00f3, \u201cla falta de un plan estrat\u00e9gico para los pr\u00f3ximos 30 a\u00f1os: discutir el transporte, medio ambiente, la salud. Est\u00e1n en juego las condiciones de vida de la poblaci\u00f3n y nuestro espacio lo plantea claramente\u201d.<\/p>\n<p>Se\u00f1al\u00f3 asimismo \u201cun grado de embellecimiento de la ciudad\u201d pero \u201cdesconozco grandes obras que hayan modificado la realidad. El embellecimiento de las plazas no s\u00e9 si era importante en funci\u00f3n de las prioridades del distrito\u201d.<\/p>\n<p>Analiz\u00f3 el cuadro de la salud en Tres de Febrero. Si bien observa con agrado \u201cla implementaci\u00f3n del AMBA Salud con un m\u00e9dico que conozca a su poblaci\u00f3n\u201d, aclara que \u201cfue\u00a0 implementado de manera equivocada. Hoy, el \u00e1mbito de la salud est\u00e1 destruido porque no hay plan de contingencia que pueda contener\u201d.<\/p>\n<p>Y lament\u00f3 el cambio en el UPA inaugurado por Scioli, en 2015. \u201cAhora tiene otro nombre; est\u00e1 bien cuidado, pero se perdi\u00f3 su sentido. Se hab\u00eda creado para descomprimir la guardia de los hospitales, para atender consultas ambulatorias no programadas. Si eran demandas complejas, ten\u00eda el equipamiento para atender y derivar. Ahora es un vacunatorio y consultorio. Se lo quiso invisibilizar\u201d.<\/p>\n<p><strong>\u201cESTOY TRANQUILO\u201d<\/strong><\/p>\n<p>Mientras trabaja su futuro pol\u00edtico, Collia no se desentiende de la definici\u00f3n de la causa penal por los centros UPA. Est\u00e1 imputado junto al ex gobernador Scioli, y otros funcionarios por el delito de \u201ctr\u00e1fico de influencias pasivo\u201d. \u201cEstoy tranquilo porque me ajust\u00e9 a derecho y soy inocente. Las adjudicaciones fueron aprobadas por muchas instancias administrativas independientes\u201d, aclar\u00f3.<\/p>\n","protected":false},"excerpt":{"rendered":"<p>Con su ambo de neurocirujano que connota prestigio m\u00e9dico, el concejal Alejandro Collia multiplic\u00f3 su retrato en las calles de Tres de Febrero. Ante la consulta de Gu\u00eda de Noticias sobre una posible candidatura respondi\u00f3: \u201cEn el marco de la campa\u00f1a pol\u00edtica todos los que militamos tenemos la expectativa de ser protagonistas\u201d. Recibi\u00f3 a este [&hellip;]<\/p>\n","protected":false},"author":1,"featured_media":12837,"comment_status":"closed","ping_status":"open","sticky":false,"template":"","format":"standard","meta":{"footnotes":""},"categories":[20,48,26],"tags":[],"class_list":{"0":"post-12836","1":"post","2":"type-post","3":"status-publish","4":"format-standard","5":"has-post-thumbnail","7":"category-municipios","8":"category-politica-argentina","9":"category-tres-de-febrero"},"aioseo_notices":[],"_links":{"self":[{"href":"https:\/\/guiadenoticias.com.ar\/diario\/wp-json\/wp\/v2\/posts\/12836","targetHints":{"allow":["GET"]}}],"collection":[{"href":"https:\/\/guiadenoticias.com.ar\/diario\/wp-json\/wp\/v2\/posts"}],"about":[{"href":"https:\/\/guiadenoticias.com.ar\/diario\/wp-json\/wp\/v2\/types\/post"}],"author":[{"embeddable":true,"href":"https:\/\/guiadenoticias.com.ar\/diario\/wp-json\/wp\/v2\/users\/1"}],"replies":[{"embeddable":true,"href":"https:\/\/guiadenoticias.com.ar\/diario\/wp-json\/wp\/v2\/comments?post=12836"}],"version-history":[{"count":1,"href":"https:\/\/guiadenoticias.com.ar\/diario\/wp-json\/wp\/v2\/posts\/12836\/revisions"}],"predecessor-version":[{"id":12838,"href":"https:\/\/guiadenoticias.com.ar\/diario\/wp-json\/wp\/v2\/posts\/12836\/revisions\/12838"}],"wp:featuredmedia":[{"embeddable":true,"href":"https:\/\/guiadenoticias.com.ar\/diario\/wp-json\/wp\/v2\/media\/12837"}],"wp:attachment":[{"href":"https:\/\/guiadenoticias.com.ar\/diario\/wp-json\/wp\/v2\/media?parent=12836"}],"wp:term":[{"taxonomy":"category","embeddable":true,"href":"https:\/\/guiadenoticias.com.ar\/diario\/wp-json\/wp\/v2\/categories?post=12836"},{"taxonomy":"post_tag","embeddable":true,"href":"https:\/\/guiadenoticias.com.ar\/diario\/wp-json\/wp\/v2\/tags?post=12836"}],"curies":[{"name":"wp","href":"https:\/\/api.w.org\/{rel}","templated":true}]}}