{"id":12847,"date":"2019-05-05T20:30:54","date_gmt":"2019-05-05T23:30:54","guid":{"rendered":"https:\/\/guiadenoticias.com.ar\/diario\/?p=12847"},"modified":"2019-05-05T20:30:54","modified_gmt":"2019-05-05T23:30:54","slug":"salomoni-el-desarrollo-es-el-unico-camino-hacia-la-igualdad","status":"publish","type":"post","link":"https:\/\/guiadenoticias.com.ar\/diario\/salomoni-el-desarrollo-es-el-unico-camino-hacia-la-igualdad\/","title":{"rendered":"Salomoni: \u201cEl desarrollo es el \u00fanico camino hacia la igualdad\u201d"},"content":{"rendered":"<p>Luego de regularizar su situaci\u00f3n, el Movimiento de Integraci\u00f3n y Desarrollo est\u00e1 ya organizado en 48 distritos bonaerenses, tal el caso de San Isidro, tal vez uno de los municipios m\u00e1s representativos del espacio.<\/p>\n<p>El abogado Jorge Luis Salomoni \u00a0es el presidente del comit\u00e9 distrital y, a su vez, vicepresidente primero en Buenos Aires. En di\u00e1logo con Gu\u00eda de Noticias, el funcionario del Ministerio de Defensa se\u00f1al\u00f3 que \u201cel desarrollo es el \u00fanico camino hacia la igualdad\u201d; adem\u00e1s, coment\u00f3 que trabajan en la instalaci\u00f3n local: \u201cEstamos en un plan de caminar el distrito, llevamos nuestras propuestas. Tambi\u00e9n informamos que estamos de vuelta\u201d.<\/p>\n<p>Respecto a la puesta en valor del MID indic\u00f3, \u201cpara m\u00ed significa un gran honor y una responsabilidad. Soy de familia desarrollista, tengo una historia. Es importante generar las condiciones para que el desarrollismo tenga el lugar que merece en la pol\u00edtica\u201d, y agreg\u00f3 que \u201ca nivel local, siempre fue un espacio respetado y cumpli\u00f3 con lo que los vecinos esperaban. Y lo veo en la calle. Arturo Frondizi es en San Isidro todo un referente\u201d.<\/p>\n<p>Para Salomoni hijo ser desarrollista hoy \u201ces seguir la l\u00ednea te\u00f3rica, ideol\u00f3gica, esencial de nuestros fundadores, Frondizi y Rogelio Frigerio, adaptado a los tiempos que vivimos. Creemos en un proceso de industrializaci\u00f3n, pero haciendo foco en la revoluci\u00f3n tecnol\u00f3gica, en los emprendimientos a futuro. Lo trascendente como concepto pol\u00edtico es su vigencia, ya que tenemos los mismos problemas que hace 70 a\u00f1os\u201d.<\/p>\n<p>En el plano electoral, a\u00fan hay que esperar definiciones. \u201cEl MID es un partido con ideas propias. Las cuestiones vinculadas con las alianzas se definen en las convenciones\u201d, dijo, y aclar\u00f3, \u201csoy funcionario de este gobierno, acompa\u00f1\u00e9 este proceso desde primer momento, pero desde el desarrollismo tenemos cr\u00edticas para hacer; planteamos una cr\u00edtica constructiva\u201d.<\/p>\n<p>Sobre las tratativas a nivel local, donde la familia Posse fue alguna vez cercana al desarrollismo, el dirigente mencion\u00f3, \u201cvamos a conversar con todos los referentes pol\u00edticos del distrito. Nunca nos van a encontrar haciendo oposici\u00f3n por la oposici\u00f3n misma\u201d.<\/p>\n<p>Al momento de evaluar la gesti\u00f3n comunal, Salomoni rescat\u00f3 las pol\u00edticas relacionadas con la tercera edad y avances en el \u00e1rea de seguridad; por el contrario, como puntos d\u00e9biles consider\u00f3: \u201cHay que trabajar fuerte con las Pymes y los emprendedores; vemos tambi\u00e9n que el municipio tiene contrastes entre las distintas localidades\u201d.<\/p>\n","protected":false},"excerpt":{"rendered":"<p>Luego de regularizar su situaci\u00f3n, el Movimiento de Integraci\u00f3n y Desarrollo est\u00e1 ya organizado en 48 distritos bonaerenses, tal el caso de San Isidro, tal vez uno de los municipios m\u00e1s representativos del espacio. El abogado Jorge Luis Salomoni \u00a0es el presidente del comit\u00e9 distrital y, a su vez, vicepresidente primero en Buenos Aires. En [&hellip;]<\/p>\n","protected":false},"author":1,"featured_media":12849,"comment_status":"closed","ping_status":"open","sticky":false,"template":"","format":"standard","meta":{"footnotes":""},"categories":[20,48,21],"tags":[],"class_list":{"0":"post-12847","1":"post","2":"type-post","3":"status-publish","4":"format-standard","5":"has-post-thumbnail","7":"category-municipios","8":"category-politica-argentina","9":"category-san-isidro"},"aioseo_notices":[],"_links":{"self":[{"href":"https:\/\/guiadenoticias.com.ar\/diario\/wp-json\/wp\/v2\/posts\/12847","targetHints":{"allow":["GET"]}}],"collection":[{"href":"https:\/\/guiadenoticias.com.ar\/diario\/wp-json\/wp\/v2\/posts"}],"about":[{"href":"https:\/\/guiadenoticias.com.ar\/diario\/wp-json\/wp\/v2\/types\/post"}],"author":[{"embeddable":true,"href":"https:\/\/guiadenoticias.com.ar\/diario\/wp-json\/wp\/v2\/users\/1"}],"replies":[{"embeddable":true,"href":"https:\/\/guiadenoticias.com.ar\/diario\/wp-json\/wp\/v2\/comments?post=12847"}],"version-history":[{"count":1,"href":"https:\/\/guiadenoticias.com.ar\/diario\/wp-json\/wp\/v2\/posts\/12847\/revisions"}],"predecessor-version":[{"id":12850,"href":"https:\/\/guiadenoticias.com.ar\/diario\/wp-json\/wp\/v2\/posts\/12847\/revisions\/12850"}],"wp:featuredmedia":[{"embeddable":true,"href":"https:\/\/guiadenoticias.com.ar\/diario\/wp-json\/wp\/v2\/media\/12849"}],"wp:attachment":[{"href":"https:\/\/guiadenoticias.com.ar\/diario\/wp-json\/wp\/v2\/media?parent=12847"}],"wp:term":[{"taxonomy":"category","embeddable":true,"href":"https:\/\/guiadenoticias.com.ar\/diario\/wp-json\/wp\/v2\/categories?post=12847"},{"taxonomy":"post_tag","embeddable":true,"href":"https:\/\/guiadenoticias.com.ar\/diario\/wp-json\/wp\/v2\/tags?post=12847"}],"curies":[{"name":"wp","href":"https:\/\/api.w.org\/{rel}","templated":true}]}}