{"id":12880,"date":"2019-05-12T21:22:34","date_gmt":"2019-05-13T00:22:34","guid":{"rendered":"https:\/\/guiadenoticias.com.ar\/diario\/?p=12880"},"modified":"2019-05-12T21:22:34","modified_gmt":"2019-05-13T00:22:34","slug":"avanza-mejoramiento-habitacional-en-el-barrio-martin-y-omar","status":"publish","type":"post","link":"https:\/\/guiadenoticias.com.ar\/diario\/avanza-mejoramiento-habitacional-en-el-barrio-martin-y-omar\/","title":{"rendered":"Avanza mejoramiento habitacional en el barrio Mart\u00edn y Omar"},"content":{"rendered":"<p>El intendente de San Isidro, Gustavo Posse, y la secretaria de Infraestructura Urbana de Naci\u00f3n, Marina Klemensiewicz, recorrieron el barrio Mart\u00edn y Omar, donde avanzan las obras que contemplan mejoras en viviendas existentes, nuevas construcciones, desag\u00fces, pavimento, red de gas y cloacas; fruto del convenio firmado entre el municipio y Naci\u00f3n para el mejoramiento de h\u00e1bitat.<\/p>\n<p>Los trabajos se concentran en la zona delimitada por El Fomentista, Roque S\u00e1enz Pe\u00f1a, Gaboto, Mart\u00edn y Omar y Pedro de Mendoza, incluidas Obarrio, Rosales y varios pasajes.<\/p>\n<p>\u201cEsta obra, producto de un acuerdo social, beneficiar\u00e1 a m\u00e1s de 500 familias del barrio. Ya terminamos pavimentos, obras hidr\u00e1ulicas, convertimos a led las luminarias y ahora nos concentramos en la construcci\u00f3n de viviendas y el mejoramiento de m\u00e1s de 240 casas\u201d, cont\u00f3 el jefe comunal tras la recorrida.<\/p>\n<p>A su vez, Klemensiewicz se\u00f1al\u00f3, \u201cya terminamos las obras de infraestructura fundamentales. Ahora empezamos con los mejoramientos de viviendas, previamente consensuadas con las necesidades de estas familias; en eso hay un gran trabajo de Posse y su equipo. Queremos un barrio digno con calidad de vida\u201d.<\/p>\n<p>La directora general de Obras P\u00fablicas, M\u00f3nica Guerra, explic\u00f3 que \u201cfinalizamos pavimentos y pluviales. La segunda etapa comprende 12 nuevas viviendas y m\u00e1s de 240 mejoras que consisten en la construcci\u00f3n de ba\u00f1o y cocina. Si el vecino ya cuenta con esto, se realizan mejoras de techos, revoques y todo lo que sea necesario para las familias\u201d.<\/p>\n","protected":false},"excerpt":{"rendered":"<p>El intendente de San Isidro, Gustavo Posse, y la secretaria de Infraestructura Urbana de Naci\u00f3n, Marina Klemensiewicz, recorrieron el barrio Mart\u00edn y Omar, donde avanzan las obras que contemplan mejoras en viviendas existentes, nuevas construcciones, desag\u00fces, pavimento, red de gas y cloacas; fruto del convenio firmado entre el municipio y Naci\u00f3n para el mejoramiento de [&hellip;]<\/p>\n","protected":false},"author":1,"featured_media":12881,"comment_status":"closed","ping_status":"open","sticky":false,"template":"","format":"standard","meta":{"footnotes":""},"categories":[20,48,21],"tags":[],"class_list":{"0":"post-12880","1":"post","2":"type-post","3":"status-publish","4":"format-standard","5":"has-post-thumbnail","7":"category-municipios","8":"category-politica-argentina","9":"category-san-isidro"},"aioseo_notices":[],"_links":{"self":[{"href":"https:\/\/guiadenoticias.com.ar\/diario\/wp-json\/wp\/v2\/posts\/12880","targetHints":{"allow":["GET"]}}],"collection":[{"href":"https:\/\/guiadenoticias.com.ar\/diario\/wp-json\/wp\/v2\/posts"}],"about":[{"href":"https:\/\/guiadenoticias.com.ar\/diario\/wp-json\/wp\/v2\/types\/post"}],"author":[{"embeddable":true,"href":"https:\/\/guiadenoticias.com.ar\/diario\/wp-json\/wp\/v2\/users\/1"}],"replies":[{"embeddable":true,"href":"https:\/\/guiadenoticias.com.ar\/diario\/wp-json\/wp\/v2\/comments?post=12880"}],"version-history":[{"count":1,"href":"https:\/\/guiadenoticias.com.ar\/diario\/wp-json\/wp\/v2\/posts\/12880\/revisions"}],"predecessor-version":[{"id":12882,"href":"https:\/\/guiadenoticias.com.ar\/diario\/wp-json\/wp\/v2\/posts\/12880\/revisions\/12882"}],"wp:featuredmedia":[{"embeddable":true,"href":"https:\/\/guiadenoticias.com.ar\/diario\/wp-json\/wp\/v2\/media\/12881"}],"wp:attachment":[{"href":"https:\/\/guiadenoticias.com.ar\/diario\/wp-json\/wp\/v2\/media?parent=12880"}],"wp:term":[{"taxonomy":"category","embeddable":true,"href":"https:\/\/guiadenoticias.com.ar\/diario\/wp-json\/wp\/v2\/categories?post=12880"},{"taxonomy":"post_tag","embeddable":true,"href":"https:\/\/guiadenoticias.com.ar\/diario\/wp-json\/wp\/v2\/tags?post=12880"}],"curies":[{"name":"wp","href":"https:\/\/api.w.org\/{rel}","templated":true}]}}