{"id":12928,"date":"2019-05-18T22:38:39","date_gmt":"2019-05-19T01:38:39","guid":{"rendered":"https:\/\/guiadenoticias.com.ar\/diario\/?p=12928"},"modified":"2019-05-18T22:38:39","modified_gmt":"2019-05-19T01:38:39","slug":"guillermo-moreno-necesitamos-volver-mas-peronistas","status":"publish","type":"post","link":"https:\/\/guiadenoticias.com.ar\/diario\/guillermo-moreno-necesitamos-volver-mas-peronistas\/","title":{"rendered":"Guillermo Moreno: \u201cNecesitamos volver m\u00e1s peronistas\u201d"},"content":{"rendered":"<p>\u201cLes vengo a decir a los compa\u00f1eros que el mundo necesita peronismo y para eso vamos a peronizar la Argentina\u201d, proclam\u00f3 el dirigente Guillermo Moreno frente a empresarios y comerciantes. El ex funcionario respald\u00f3 a Claudio Cova en su precandidatura a intendente y dej\u00f3 definiciones de pol\u00edtica econ\u00f3mica para un posible \u00a0gobierno peronista.<\/p>\n<p>\u201cVenimos a conversar con los compa\u00f1eros de San Mart\u00edn, los empresarios y el movimiento obrero organizado, para reflexionar en conjunto\u201d, concedi\u00f3 a la prensa. Junto a \u00e9l y su anfitri\u00f3n, particip\u00f3 del panel el investigador de la UNSAM Adri\u00e1n Cabello.<\/p>\n<p>\u00bfQu\u00e9 piden los vecinos? Seg\u00fan Moreno, \u201cpiden la unidad de los peronistas, un frente electoral y dar vuelta la p\u00e1gina de este gobierno de ineptos y vagos\u201d, dispar\u00f3. Y advirti\u00f3: \u201cSi Macri es reelecto ya no tienen siquiera expectativa las grandes empresas. Ser\u00e1 un hecho singular que nos tengamos que ocupar de ellas cuando siempre focalizamos en las Pymes. Cada d\u00eda que Macri se quede, el futuro ser\u00e1 peor\u201d. Sugiri\u00f3 asimismo que si el radicalismo abandona Cambiemos, \u201cMacri se ir\u00eda antes y ya podr\u00edamos respirar otro aire\u201d.<\/p>\n<p><strong>UN POSIBLE GOBIERNO PERONISTA<\/strong><\/p>\n<p>\u201cNo hay ninguna duda que el pr\u00f3ximo gobierno justicialista tiene que ser mejor que el anterior, y para conseguirlo las mejores pol\u00edticas las debemos formular entre todos\u201d, sugiri\u00f3 el hasta ahora precandidato nacional.<\/p>\n<p>Ante la repregunta de Gu\u00eda de Noticias, consider\u00f3 que \u201cvolver mejores es ser m\u00e1s doctrinarios. M\u00e1s peronistas. En nuestro gobierno falt\u00f3 mucho m\u00e1s peronismo\u201d. En este sentido admiti\u00f3 \u201cerrores\u201d y \u201calg\u00fan caso de corrupci\u00f3n comprobado\u201d.<\/p>\n<p>Al ser consultado sobre un posible plan para revertir la crisis, el ex secretario de Comercio se explay\u00f3. \u201cTenemos que generar demanda interna con la recuperaci\u00f3n del poder adquisitivo popular. O sea, poner los precios de los alimentos al alcance del bolsillo. Y ocuparnos de la oferta mejorando la rentabilidad por unidad vendida y, para esto, debemos trabajar en el principal insumo del aparato productivo: desdolarizar el precio de la energ\u00eda\u201d, propuso.<\/p>\n<p>\u201cTenemos que hacer lo que hizo Trump ahora, que lo hab\u00edamos hecho en 2012, proteger el mercado interno con un tipo de cambio competitivo\u201d, se\u00f1al\u00f3. Y concluy\u00f3: \u201cNos debemos un modelo econ\u00f3mico nacional y popular con orientaci\u00f3n en la inversi\u00f3n\u201d.<\/p>\n<p>En cuanto a la deuda externa, sostuvo la necesidad de su renegociaci\u00f3n. \u201cTenemos que reestructurarla con un plan de pago de 10 mil millones anuales. En 20 a\u00f1os, con una tasa razonable, honraremos la deuda\u201d. \u00a0Y, fiel a su estilo, cerr\u00f3: \u201cEsta deuda que hizo un oligarca la va a pagar la oligarqu\u00eda argentina, las mil familias (m\u00e1s ricas) van a poner la plata\u201d.<\/p>\n<p><strong>\u201cESPERAMOS GESTOS DE UNIDAD\u201d<\/strong><\/p>\n<p>Por su lado, el dirigente Claudio Cova celebr\u00f3, con el respaldo de Moreno, la presencia de unos doscientos comensales vinculados con las Pymes y el comercio local. La C\u00e1mara de Panaderos, que Cova encabeza, fue la sede del convite. All\u00ed el precandidato a intendente aclar\u00f3 que si bien \u201cvenimos trabajando por la unidad, no quita que con una lista vayamos a las PASO, pero todos en el PJ\u201d.<\/p>\n<p>\u201cNecesitamos pensar como empresarios como llegamos hasta ac\u00e1, con cierres de 50 Pymes por d\u00eda; c\u00f3mo llegaremos hasta el 10 de diciembre y c\u00f3mo haremos despu\u00e9s. El pa\u00eds sufre hambre y la unidad es lo \u00fanico que lo va a sacar adelante\u201d, destac\u00f3.<\/p>\n<p>Tras el anuncio horas despu\u00e9s de dicha cena de la f\u00f3rmula Alberto Fern\u00e1ndez &#8211; CFK, el panadero celebr\u00f3 por sus redes sociales la determinaci\u00f3n, pero con un tiro por elevaci\u00f3n al intendente Katopodis: \u201cTodos los gestos de unidad son importantes para el pa\u00eds que se viene, ahora esperamos que los intendentes municipales copien esos gestos\u201d, reclam\u00f3, mientras los jefes comunales peronistas piden clausurar internas.<\/p>\n","protected":false},"excerpt":{"rendered":"<p>\u201cLes vengo a decir a los compa\u00f1eros que el mundo necesita peronismo y para eso vamos a peronizar la Argentina\u201d, proclam\u00f3 el dirigente Guillermo Moreno frente a empresarios y comerciantes. El ex funcionario respald\u00f3 a Claudio Cova en su precandidatura a intendente y dej\u00f3 definiciones de pol\u00edtica econ\u00f3mica para un posible \u00a0gobierno peronista. \u201cVenimos a [&hellip;]<\/p>\n","protected":false},"author":1,"featured_media":12929,"comment_status":"closed","ping_status":"open","sticky":false,"template":"","format":"standard","meta":{"footnotes":""},"categories":[49,20,48,24],"tags":[],"class_list":{"0":"post-12928","1":"post","2":"type-post","3":"status-publish","4":"format-standard","5":"has-post-thumbnail","7":"category-economia-y-gremiales","8":"category-municipios","9":"category-politica-argentina","10":"category-san-martin"},"aioseo_notices":[],"_links":{"self":[{"href":"https:\/\/guiadenoticias.com.ar\/diario\/wp-json\/wp\/v2\/posts\/12928","targetHints":{"allow":["GET"]}}],"collection":[{"href":"https:\/\/guiadenoticias.com.ar\/diario\/wp-json\/wp\/v2\/posts"}],"about":[{"href":"https:\/\/guiadenoticias.com.ar\/diario\/wp-json\/wp\/v2\/types\/post"}],"author":[{"embeddable":true,"href":"https:\/\/guiadenoticias.com.ar\/diario\/wp-json\/wp\/v2\/users\/1"}],"replies":[{"embeddable":true,"href":"https:\/\/guiadenoticias.com.ar\/diario\/wp-json\/wp\/v2\/comments?post=12928"}],"version-history":[{"count":1,"href":"https:\/\/guiadenoticias.com.ar\/diario\/wp-json\/wp\/v2\/posts\/12928\/revisions"}],"predecessor-version":[{"id":12930,"href":"https:\/\/guiadenoticias.com.ar\/diario\/wp-json\/wp\/v2\/posts\/12928\/revisions\/12930"}],"wp:featuredmedia":[{"embeddable":true,"href":"https:\/\/guiadenoticias.com.ar\/diario\/wp-json\/wp\/v2\/media\/12929"}],"wp:attachment":[{"href":"https:\/\/guiadenoticias.com.ar\/diario\/wp-json\/wp\/v2\/media?parent=12928"}],"wp:term":[{"taxonomy":"category","embeddable":true,"href":"https:\/\/guiadenoticias.com.ar\/diario\/wp-json\/wp\/v2\/categories?post=12928"},{"taxonomy":"post_tag","embeddable":true,"href":"https:\/\/guiadenoticias.com.ar\/diario\/wp-json\/wp\/v2\/tags?post=12928"}],"curies":[{"name":"wp","href":"https:\/\/api.w.org\/{rel}","templated":true}]}}