{"id":12968,"date":"2019-05-27T01:57:51","date_gmt":"2019-05-27T04:57:51","guid":{"rendered":"https:\/\/guiadenoticias.com.ar\/diario\/?p=12968"},"modified":"2019-05-27T01:57:51","modified_gmt":"2019-05-27T04:57:51","slug":"como-queda-el-tablero-local-tras-el-lanzamiento-de-les-fernandez","status":"publish","type":"post","link":"https:\/\/guiadenoticias.com.ar\/diario\/como-queda-el-tablero-local-tras-el-lanzamiento-de-les-fernandez\/","title":{"rendered":"C\u00f3mo queda el tablero local tras el lanzamiento de les Fern\u00e1ndez"},"content":{"rendered":"<p>Cristina Fern\u00e1ndez pate\u00f3 el tablero y oblig\u00f3 al resto de los actores pol\u00edticos a apurar definiciones electorales. A nivel regional, el peronismo alineado con la f\u00f3rmula FF entr\u00f3 en una fase cr\u00edtica para salvar diferencias hist\u00f3ricas con el kirchnerismo \u201cpuro\u201d. En cambio, el peronismo alternativo dilata definiciones, aunque el Frente Renovador se muestra firme detr\u00e1s de la candidatura de Massa, en medio de incertidumbres varias, que Cambiemos sigue de cerca.<\/p>\n<p><strong>SAN ISIDRO<\/strong><\/p>\n<p>En 2015, la derrota nacional del kirchnerismo dej\u00f3 expuestas las fracturas internas del Frente para la Victoria local. En 2017 fue conformada Unidad Ciudadana en torno al liderazgo de la legisladora Teresa Garc\u00eda y qued\u00f3 afuera la fracci\u00f3n que sigue a Santiago Cafiero. A fines de ese a\u00f1o, ambos sectores disputaron el PJ y el kirchnerismo fue derrotado. Tras el anuncio de CFK, las se\u00f1ales indican que ya trabajan en t\u00e1ndem.<\/p>\n<p>En el PJ tambi\u00e9n celebraron la f\u00f3rmula encabezada por Alberto Fern\u00e1ndez y \u00a0expresaron intenciones de unidad. \u201cCon compromiso militante, desde San Isidro vamos unidos por el triunfo de un nuevo proyecto de pa\u00eds para todos los argentinos\u201d, publicaron en redes sociales.<\/p>\n<p>Pero, desde el entorno de Garc\u00eda indicaron a Gu\u00eda de Noticias que no hubo llamados telef\u00f3nicos entre las dos partes. En el Partido Justicialista confirmaron esta informaci\u00f3n. Y en l\u00ednea con declaraciones de los intendentes bonaerenses, no descartaron las PASO, el instrumento que podr\u00eda ordenar al peronismo local hist\u00f3ricamente disgregado.<\/p>\n<p>Mientras, dos miembros del PJ sanisidrense, el concejal Juan Ottavis y el secretario del partido, Marcelo Kaspar, pegaron el salto a las filas del massismo. En el justicialismo se despegaron de esta determinaci\u00f3n.<\/p>\n<p>Ottavis, edil cuyo per\u00edodo finaliza en diciembre, respalda la candidatura de Sergio Massa, al igual que su hermano mayor Jos\u00e9, legislador provincial. Como aliado del Frente Renovador trabaj\u00f3 en la recientemente aprobada Ordenanza que redujo tasas a comercios, impulsada por el espacio liderado por Sebasti\u00e1n Galmarini.<\/p>\n<p>Alternativa Federal es un mundo aparte. Los colaboradores de Galmarini, candidato a intendente en 2015, no quisieron adelantar una nueva postulaci\u00f3n del ex senador provincial. Sin embargo, para el Frente Renovador \u201cno hubo ning\u00fan cimbronazo. M\u00e1s bien la candidatura de Sergio Massa est\u00e1 firme y queremos fortalecer Alternativa Federal\u201d, ampliaron. En este sentido, el cu\u00f1ado del tigrense public\u00f3 semanas antes sus actividades con Sergio Patr\u00f3n, referente local de Juan Manuel Urtubey.<\/p>\n<p>Tambi\u00e9n participa de las conversaciones del peronismo federal Mart\u00edn Palma, vinculado hist\u00f3ricamente con De La Sota y Schiaretti.<\/p>\n<p><strong>VICENTE L\u00d3PEZ<\/strong><\/p>\n<p>El peronismo del distrito gobernado por Jorge Macri est\u00e1 \u201chaciendo los deberes\u201d desde hace al menos dos a\u00f1os, cuando fue ungido presidente del PJ el hist\u00f3rico dirigente Alberto Oliva, con un amplio respaldo de las organizaciones sindicales y del kirchnerismo. Luego de las elecciones de 2017, el Movimiento Evita regres\u00f3 a la mesa de discusiones, as\u00ed como gremios influyentes como ATE y UOM.<\/p>\n<p>Con dos \u201cplenarios de unidad\u201d se reunieron el panperonismo, los gremios y las organizaciones K, expusieron diferencias y viejos rencores. El pr\u00f3ximo 5 de junio volver\u00e1n a verse las caras. Muchos esperan que esa jornada permita terminar de acomodar las fichas y empezar \u201cuna larga campa\u00f1a en unidad contra el otro Macri\u201d. Algunos desean sumar al Frente Renovador local, con el cual desarrollan un trabajo conjunto en el Concejo Deliberante.<\/p>\n<p>\u201cLa f\u00f3rmula FF nos ratific\u00f3 que son eso, s\u00f3lo una f\u00f3rmula, y que el proyecto es colectivo\u201d, concedi\u00f3 a Gu\u00eda de Noticias una concejal del peronismo K. Al mismo tiempo, por redes sociales, los ediles anunciaron que contribuir\u00e1n \u201cal nuevo contrato social de ciudadan\u00eda responsable para ordenar el pa\u00eds\u201d. En cuanto a postulaciones, el presidente del bloque, Lorenzo Beccaria, ratific\u00f3 su precandidatura, y tambi\u00e9n anunci\u00f3 sus intenciones el periodista Gustavo Campana.<\/p>\n<p>Desde el peronismo federal, hace tres semanas hab\u00edan dado una conferencia conjunta las l\u00edneas de Massa, Urtubey, Lavagna y Pichetto. Ante la consulta de este medio, sugirieron que \u201ces demasiado temprano para sacar conclusiones\u201d, a pesar de que CFK haya pateado el tablero. Desde el lavagnismo, a su vez, consideraron que esa foto \u201cno corre riesgo de romperse\u201d, aunque las noticias nacionales la pongan en duda.<\/p>\n<p><strong>SAN MART\u00cdN<\/strong><\/p>\n<p>Gabriel Katopodis ratific\u00f3 que buscar\u00e1 su tercer mandado, fortalecido por un armado que incluye al PJ local, los gremios industriales y el Movimiento Evita, y la ventaja de tener a disposici\u00f3n el aparato comunal. Mientras que por su lado el economista y concejal, Hern\u00e1n Letcher, tiene todo listo para enfrentarlo en una interna como hace cuatro a\u00f1os, con el respaldo de la fervorosa militancia kirchnerista, basada en las organizaciones propias, de cu\u00f1o territorial, gremial y estudiantil.<\/p>\n<p>En las \u00faltimas semanas crecieron rumores que \u201cpor su fidelidad\u201d la ex mandataria nacional le dar\u00eda una lista a Letcher. Y las \u00faltimas declaraciones de Katopodis rondaron el tema: \u201cAl interior del peronismo y del FpV se trabajar\u00e1 en todas las ciudades para alcanzar la unidad m\u00e1s amplia y todos estar representados. Es el esfuerzo que por supuesto vamos a hacer todos. Si no se logra en alg\u00fan distrito est\u00e1n las Primarias Abiertas y Obligatorias, una buena herramienta para dirimir los liderazgos\u201d.<\/p>\n<p>De parte de la \u201cavenida del medio\u201d hay mucho m\u00e1s por definir. Seguro es que el edil Juan Eslaiman, del ri\u00f1\u00f3n de Graciela Cama\u00f1o, representar\u00e1 en las urnas al Frente Renovador. Por parte de Juan Manuel Urtubey, el tambi\u00e9n joven dirigente peronista Germ\u00e1n Pavone ratific\u00f3 su precandidatura, proponiendo gestos \u201chumildes\u201d de unidad.<\/p>\n<p>Mientras, el referente cegetista y del Sindicato de Comercio, Horacio Garc\u00eda, mostr\u00f3 sus intenciones de competir, respaldado por Carlos Brown y Miguel Pichetto. Tambi\u00e9n se sumaron a la discusi\u00f3n el periodista y concejal Daniel Mollo, tras alejarse de Cambiemos. Sus pares Antonio Mazza y el radical Pablo Cristani apoyan a Lavagna, pero esperan definiciones de la dirigencia nacional.<\/p>\n","protected":false},"excerpt":{"rendered":"<p>Cristina Fern\u00e1ndez pate\u00f3 el tablero y oblig\u00f3 al resto de los actores pol\u00edticos a apurar definiciones electorales. A nivel regional, el peronismo alineado con la f\u00f3rmula FF entr\u00f3 en una fase cr\u00edtica para salvar diferencias hist\u00f3ricas con el kirchnerismo \u201cpuro\u201d. En cambio, el peronismo alternativo dilata definiciones, aunque el Frente Renovador se muestra firme detr\u00e1s [&hellip;]<\/p>\n","protected":false},"author":1,"featured_media":12969,"comment_status":"closed","ping_status":"open","sticky":false,"template":"","format":"standard","meta":{"footnotes":""},"categories":[20,48,21,24,25],"tags":[],"class_list":{"0":"post-12968","1":"post","2":"type-post","3":"status-publish","4":"format-standard","5":"has-post-thumbnail","7":"category-municipios","8":"category-politica-argentina","9":"category-san-isidro","10":"category-san-martin","11":"category-vicente-lopez"},"aioseo_notices":[],"_links":{"self":[{"href":"https:\/\/guiadenoticias.com.ar\/diario\/wp-json\/wp\/v2\/posts\/12968","targetHints":{"allow":["GET"]}}],"collection":[{"href":"https:\/\/guiadenoticias.com.ar\/diario\/wp-json\/wp\/v2\/posts"}],"about":[{"href":"https:\/\/guiadenoticias.com.ar\/diario\/wp-json\/wp\/v2\/types\/post"}],"author":[{"embeddable":true,"href":"https:\/\/guiadenoticias.com.ar\/diario\/wp-json\/wp\/v2\/users\/1"}],"replies":[{"embeddable":true,"href":"https:\/\/guiadenoticias.com.ar\/diario\/wp-json\/wp\/v2\/comments?post=12968"}],"version-history":[{"count":1,"href":"https:\/\/guiadenoticias.com.ar\/diario\/wp-json\/wp\/v2\/posts\/12968\/revisions"}],"predecessor-version":[{"id":12970,"href":"https:\/\/guiadenoticias.com.ar\/diario\/wp-json\/wp\/v2\/posts\/12968\/revisions\/12970"}],"wp:featuredmedia":[{"embeddable":true,"href":"https:\/\/guiadenoticias.com.ar\/diario\/wp-json\/wp\/v2\/media\/12969"}],"wp:attachment":[{"href":"https:\/\/guiadenoticias.com.ar\/diario\/wp-json\/wp\/v2\/media?parent=12968"}],"wp:term":[{"taxonomy":"category","embeddable":true,"href":"https:\/\/guiadenoticias.com.ar\/diario\/wp-json\/wp\/v2\/categories?post=12968"},{"taxonomy":"post_tag","embeddable":true,"href":"https:\/\/guiadenoticias.com.ar\/diario\/wp-json\/wp\/v2\/tags?post=12968"}],"curies":[{"name":"wp","href":"https:\/\/api.w.org\/{rel}","templated":true}]}}