{"id":12996,"date":"2019-06-01T20:44:31","date_gmt":"2019-06-01T23:44:31","guid":{"rendered":"https:\/\/guiadenoticias.com.ar\/diario\/?p=12996"},"modified":"2019-06-01T20:44:31","modified_gmt":"2019-06-01T23:44:31","slug":"carlos-acuna-duda-aun-de-un-acuerdo-massa-cfk","status":"publish","type":"post","link":"https:\/\/guiadenoticias.com.ar\/diario\/carlos-acuna-duda-aun-de-un-acuerdo-massa-cfk\/","title":{"rendered":"Carlos Acu\u00f1a duda a\u00fan de un acuerdo Massa-CFK"},"content":{"rendered":"<p>Al finalizar el congreso del Frente Renovador en Parque Norte, el secretario General de la CGT Carlos Acu\u00f1a trat\u00f3 de disipar la sensaci\u00f3n que el massismo enfila hacia un acuerdo con el frente conducido por Cristina Fern\u00e1ndez. \u201cSi tengo que dar un p\u00e1lpito personal, creo que nos dirigimos a una interna en Alternativa Federal y a partir de ah\u00ed, las generales. Ya hay f\u00f3rmulas consensuadas en el kirchnerismo, y en Cambiemos parece que tambi\u00e9n. Nuestras PASO van a ser en el peronismo federal\u201d, observ\u00f3 en charla con Gu\u00eda de Noticias.<\/p>\n<p>Adem\u00e1s de las palabras ambiguas del propio Massa, algunas versiones period\u00edsticas en las \u00faltimas horas confirman di\u00e1logo abierto con Alberto Fern\u00e1ndez, en un cambio de estrategia pronunciado que debilita el espacio del medio. Pero, Acu\u00f1a rechaza que esto pueda traer frutos: \u201cNo nos vemos yendo a una gran PASO del peronismo contra el kirchnerismo\u201d.<\/p>\n<p>El l\u00edder de los estacioneros, que en Parque Norte se sent\u00f3 en primera fila muy cerca del tigrense, marc\u00f3 las diferencias de formas entre los renovadores y los cristinistas. \u201cTenemos estilos diferentes. El nuestro es un estilo de hablar y consensuar, mientras que del otro lado no hubo reuniones con los gobernadores ni con los intendentes. M\u00e1s bien les impusieron los candidatos\u201d, remarc\u00f3 a este portal.<\/p>\n<p>Sin embargo, en l\u00ednea con el tono de \u201crenunciamiento\u201d que manifest\u00f3 Massa en su congreso partidario, Acu\u00f1a consider\u00f3 que \u201clos candidatos son un tema, las elecciones son otro. Pero por encima de todo eso est\u00e1 la Argentina\u201d.<\/p>\n<p>Con respecto al documento final del encuentro renovador, interpret\u00f3 que \u201cla unidad va a ser en funci\u00f3n del gobierno que viene\u201d. En esa instancia \u201clos brazos de la unidad ser\u00e1n extendidos hacia todos los argentinos de buenas intenciones que quieran sacar el pa\u00eds adelante, menos con Macri, por supuesto\u201d.<\/p>\n<p>Reci\u00e9n entonces, \u201clos partidos pol\u00edticos con representaci\u00f3n parlamentaria deben sentarse a trabajar para que al pa\u00eds le vaya bien. Eso fue lo que hizo Sergio Massa hasta el momento, que desde el Gobierno lo tildaron de ventajita\u201d.<\/p>\n","protected":false},"excerpt":{"rendered":"<p>Al finalizar el congreso del Frente Renovador en Parque Norte, el secretario General de la CGT Carlos Acu\u00f1a trat\u00f3 de disipar la sensaci\u00f3n que el massismo enfila hacia un acuerdo con el frente conducido por Cristina Fern\u00e1ndez. \u201cSi tengo que dar un p\u00e1lpito personal, creo que nos dirigimos a una interna en Alternativa Federal y [&hellip;]<\/p>\n","protected":false},"author":1,"featured_media":12997,"comment_status":"closed","ping_status":"open","sticky":false,"template":"","format":"standard","meta":{"footnotes":""},"categories":[49,30,48,31],"tags":[],"class_list":{"0":"post-12996","1":"post","2":"type-post","3":"status-publish","4":"format-standard","5":"has-post-thumbnail","7":"category-economia-y-gremiales","8":"category-nacion","9":"category-politica-argentina","10":"category-provincia"},"aioseo_notices":[],"_links":{"self":[{"href":"https:\/\/guiadenoticias.com.ar\/diario\/wp-json\/wp\/v2\/posts\/12996","targetHints":{"allow":["GET"]}}],"collection":[{"href":"https:\/\/guiadenoticias.com.ar\/diario\/wp-json\/wp\/v2\/posts"}],"about":[{"href":"https:\/\/guiadenoticias.com.ar\/diario\/wp-json\/wp\/v2\/types\/post"}],"author":[{"embeddable":true,"href":"https:\/\/guiadenoticias.com.ar\/diario\/wp-json\/wp\/v2\/users\/1"}],"replies":[{"embeddable":true,"href":"https:\/\/guiadenoticias.com.ar\/diario\/wp-json\/wp\/v2\/comments?post=12996"}],"version-history":[{"count":1,"href":"https:\/\/guiadenoticias.com.ar\/diario\/wp-json\/wp\/v2\/posts\/12996\/revisions"}],"predecessor-version":[{"id":12998,"href":"https:\/\/guiadenoticias.com.ar\/diario\/wp-json\/wp\/v2\/posts\/12996\/revisions\/12998"}],"wp:featuredmedia":[{"embeddable":true,"href":"https:\/\/guiadenoticias.com.ar\/diario\/wp-json\/wp\/v2\/media\/12997"}],"wp:attachment":[{"href":"https:\/\/guiadenoticias.com.ar\/diario\/wp-json\/wp\/v2\/media?parent=12996"}],"wp:term":[{"taxonomy":"category","embeddable":true,"href":"https:\/\/guiadenoticias.com.ar\/diario\/wp-json\/wp\/v2\/categories?post=12996"},{"taxonomy":"post_tag","embeddable":true,"href":"https:\/\/guiadenoticias.com.ar\/diario\/wp-json\/wp\/v2\/tags?post=12996"}],"curies":[{"name":"wp","href":"https:\/\/api.w.org\/{rel}","templated":true}]}}