{"id":13004,"date":"2019-06-03T00:47:49","date_gmt":"2019-06-03T03:47:49","guid":{"rendered":"https:\/\/guiadenoticias.com.ar\/diario\/?p=13004"},"modified":"2019-06-03T00:47:49","modified_gmt":"2019-06-03T03:47:49","slug":"ramon-gomez-nuestro-presupuesto-fue-de-ampliacion-de-derechos","status":"publish","type":"post","link":"https:\/\/guiadenoticias.com.ar\/diario\/ramon-gomez-nuestro-presupuesto-fue-de-ampliacion-de-derechos\/","title":{"rendered":"Ram\u00f3n G\u00f3mez: \u201cNuestro presupuesto fue de ampliaci\u00f3n de derechos\u201d"},"content":{"rendered":"<p>Despu\u00e9s de los tires y aflojes de rigor, el Concejo Deliberante de San Mart\u00edn trat\u00f3 en el recinto la Rendici\u00f3n de Cuentas 2018. El resultado de la votaci\u00f3n, 14 manos por la afirmativa, las 8 negativas de Cambiemos &#8211; falt\u00f3 Emma Rosan\u00f3 &#8211; y la cantada abstenci\u00f3n de Pablo Cristani, dieron por cerrados los n\u00fameros de un a\u00f1o en el cual el Ejecutivo ejecut\u00f3 finalmente alrededor de mil millones menos que los presupuestados.<\/p>\n<p>En di\u00e1logo con Gu\u00eda de Noticias, Ram\u00f3n G\u00f3mez, presidente de la comisi\u00f3n de Hacienda, se\u00f1al\u00f3 que \u201cse evidenci\u00f3 un gesto de los bloques peronistas, que aprobaron la Rendici\u00f3n\u201d. Y coment\u00f3, \u201ctuvo una ejecuci\u00f3n cercana al 90 por ciento, eso se vio en obras y programas sociales\u201d.<\/p>\n<p>\u201cEn un contexto en el cual Naci\u00f3n y Provincia elaboran presupuestos de ajuste, nuestro presupuesto fue de ampliaci\u00f3n de derechos\u201d, indic\u00f3 el edil, y agreg\u00f3, \u201ccerramos un ejercicio en el que es para destacar que tuvimos que fortalecer la asistencia social, pero en un esquema de recaudaci\u00f3n municipal que busca que paguen m\u00e1s quienes m\u00e1s tienen\u201d.<\/p>\n<p>Consultado por las acciones pendientes en el \u00e1rea social, G\u00f3mez dijo que \u201chist\u00f3ricamente, San Mart\u00edn estuvo dividido en dos ciudades, de M\u00e1rquez hacia el camino del Buen Ayre era una franja que estaba olvidada; al t\u00e9rmino de dos per\u00edodos de Katopodis, este concepto fue dado vuelta y se atendi\u00f3 la deuda social. Pero, por supuesto falta m\u00e1s, por eso es importante que haya un proyecto pol\u00edtico de continuidad\u201d.<\/p>\n<p>Hizo referencia tambi\u00e9n a uno de los temas m\u00e1s picantes del distrito, la inseguridad. \u201cHay respuesta municipal, en el marco de las posibilidades. Durante esta gesti\u00f3n aument\u00f3 la inversi\u00f3n hasta el 14 por ciento del Presupuesto; ten\u00edamos 200 c\u00e1maras y ahora, mil; no hab\u00eda postas de seguridad; s\u00f3lo hab\u00eda 20 patrulleros y ahora vamos camino a los 150. Adem\u00e1s, la Secretar\u00eda de Gobierno trabaja para integrar una mesa con instituciones\u201d.<\/p>\n<p>El dirigente metal\u00fargico desliz\u00f3 m\u00e1s cr\u00edticas hacia los gobiernos de Cambiemos, en relaci\u00f3n con los 300 millones de coparticipaci\u00f3n que todav\u00eda no llegaron: \u201cEran para el t\u00fanel de Ballester, la tercera etapa del Hospital Thompson y un proyecto de veredas en Costa Esperanza\u201d, cont\u00f3.<\/p>\n<p>Y concluy\u00f3, \u201cobservamos que hubo municipios que recibieron m\u00e1s recursos, con lo cual no s\u00e9 si la discriminaci\u00f3n fue adrede. Por otro lado est\u00e1n ante una situaci\u00f3n de crisis y recortan la obra p\u00fablica\u201d.<\/p>\n<p><strong>EL TABLERO ELECTORAL<\/strong><\/p>\n<p>G\u00f3mez aport\u00f3 su mirada sobre el ivoskismo, hoy en la estructura de Cambiemos. \u201cUno defiende un proyecto pol\u00edtico y ellos siguen un proyecto pol\u00edtico que nos meti\u00f3 en un l\u00edo b\u00e1rbaro. No creo que tengan una mirada social, est\u00e1n abocados a que los n\u00fameros cierren para un sector chico\u201d.<\/p>\n<p>Sobre el plano pol\u00edtico nacional revel\u00f3 que tom\u00f3 la f\u00f3rmula de los Fern\u00e1ndez con \u201cagrado y cierta sorpresa\u201d. Y se\u00f1al\u00f3 que \u201cera necesario un gesto de humildad de la dirigente m\u00e1s importante que tenemos. Nos transmite esperanza porque hace m\u00e1s abarcativo el espacio\u201d.<\/p>\n<p>Respecto al massismo, el concejal peronista desliz\u00f3, \u201clo creemos necesario dentro de nuestro espacio. Aspiramos poder sumarlo y que contribuya a la recuperaci\u00f3n del pa\u00eds. Da una mano para que salgamos de esta situaci\u00f3n con un proyecto nacional y popular o tal vez toma una decisi\u00f3n errada que lo lleva a contribuir con Cambiemos\u201d.<\/p>\n","protected":false},"excerpt":{"rendered":"<p>Despu\u00e9s de los tires y aflojes de rigor, el Concejo Deliberante de San Mart\u00edn trat\u00f3 en el recinto la Rendici\u00f3n de Cuentas 2018. El resultado de la votaci\u00f3n, 14 manos por la afirmativa, las 8 negativas de Cambiemos &#8211; falt\u00f3 Emma Rosan\u00f3 &#8211; y la cantada abstenci\u00f3n de Pablo Cristani, dieron por cerrados los n\u00fameros [&hellip;]<\/p>\n","protected":false},"author":1,"featured_media":12852,"comment_status":"closed","ping_status":"open","sticky":false,"template":"","format":"standard","meta":{"footnotes":""},"categories":[49,20,48,24],"tags":[],"class_list":{"0":"post-13004","1":"post","2":"type-post","3":"status-publish","4":"format-standard","5":"has-post-thumbnail","7":"category-economia-y-gremiales","8":"category-municipios","9":"category-politica-argentina","10":"category-san-martin"},"aioseo_notices":[],"_links":{"self":[{"href":"https:\/\/guiadenoticias.com.ar\/diario\/wp-json\/wp\/v2\/posts\/13004","targetHints":{"allow":["GET"]}}],"collection":[{"href":"https:\/\/guiadenoticias.com.ar\/diario\/wp-json\/wp\/v2\/posts"}],"about":[{"href":"https:\/\/guiadenoticias.com.ar\/diario\/wp-json\/wp\/v2\/types\/post"}],"author":[{"embeddable":true,"href":"https:\/\/guiadenoticias.com.ar\/diario\/wp-json\/wp\/v2\/users\/1"}],"replies":[{"embeddable":true,"href":"https:\/\/guiadenoticias.com.ar\/diario\/wp-json\/wp\/v2\/comments?post=13004"}],"version-history":[{"count":1,"href":"https:\/\/guiadenoticias.com.ar\/diario\/wp-json\/wp\/v2\/posts\/13004\/revisions"}],"predecessor-version":[{"id":13005,"href":"https:\/\/guiadenoticias.com.ar\/diario\/wp-json\/wp\/v2\/posts\/13004\/revisions\/13005"}],"wp:featuredmedia":[{"embeddable":true,"href":"https:\/\/guiadenoticias.com.ar\/diario\/wp-json\/wp\/v2\/media\/12852"}],"wp:attachment":[{"href":"https:\/\/guiadenoticias.com.ar\/diario\/wp-json\/wp\/v2\/media?parent=13004"}],"wp:term":[{"taxonomy":"category","embeddable":true,"href":"https:\/\/guiadenoticias.com.ar\/diario\/wp-json\/wp\/v2\/categories?post=13004"},{"taxonomy":"post_tag","embeddable":true,"href":"https:\/\/guiadenoticias.com.ar\/diario\/wp-json\/wp\/v2\/tags?post=13004"}],"curies":[{"name":"wp","href":"https:\/\/api.w.org\/{rel}","templated":true}]}}