{"id":13053,"date":"2019-06-12T02:01:06","date_gmt":"2019-06-12T05:01:06","guid":{"rendered":"https:\/\/guiadenoticias.com.ar\/diario\/?p=13053"},"modified":"2019-06-12T02:01:06","modified_gmt":"2019-06-12T05:01:06","slug":"macri-y-vidal-presentaron-aprender-conectados-en-3f","status":"publish","type":"post","link":"https:\/\/guiadenoticias.com.ar\/diario\/macri-y-vidal-presentaron-aprender-conectados-en-3f\/","title":{"rendered":"Macri y Vidal presentaron \u201cAprender conectados\u201d en 3F"},"content":{"rendered":"<p>El presidente Mauricio Macri, la gobernadora de Buenos Aires, Mar\u00eda Eugenia Vidal, y el intendente de Tres de Febrero, Diego Valenzuela, lanzaron un programa pedag\u00f3gico de alfabetizaci\u00f3n digital, rob\u00f3tica y programaci\u00f3n en el Jard\u00edn de Infantes 917 de El Libertador.<\/p>\n<p>El plan \u201cAprender conectados\u201d incluye el desarrollo de contenido pedag\u00f3gico, la conectividad en las escuelas y equipos tecnol\u00f3gicos para garantizar la alfabetizaci\u00f3n digital y facilitar el acceso a programas de rob\u00f3tica y programaci\u00f3n en 16 mil escuelas.<\/p>\n<p>\u201cArgentina est\u00e1 entre los cinco pa\u00edses que les da herramientas digitales, en rob\u00f3tica, programaci\u00f3n, inteligencia artificial, a todos los alumnos en todos los niveles de educaci\u00f3n obligatoria\u201d, expres\u00f3 el mandatario. \u201cToda esta revoluci\u00f3n en la educaci\u00f3n, sin escuelas conectadas, no se pod\u00eda hacer. Este a\u00f1o vamos a tener a todos los alumnos conectados. Porque queremos que todos los chicos, m\u00e1s all\u00e1 de donde hayan nacido, tengan las mismas herramientas para salir adelante\u201d, agreg\u00f3.<\/p>\n<p>Por su parte, la gobernadora destac\u00f3 que el 70 por ciento de las escuelas p\u00fablicas estar\u00e1n conectadas a Internet al terminar su primer mandato. \u201cNo alcanz\u00f3 con entregar computadoras en otra \u00e9poca, hab\u00eda que conectar las escuelas. Y hoy podemos decir que con Mauricio hay 5 mil escuelas con Internet en Provincia y para fin de a\u00f1o van a ser 8 mil\u201d, se\u00f1al\u00f3.<\/p>\n<p>En ese marco, Valenzuela indic\u00f3, \u201ces un orgullo que llegue a Tres de Febrero un programa as\u00ed, y m\u00e1s en una zona en la que m\u00e1s se necesitan herramientas para la educaci\u00f3n y el progreso social\u201d.<\/p>\n<p>Adem\u00e1s de la presentaci\u00f3n del programa, las autoridades recorrieron las aulas y vieron los trabajos de rob\u00f3tica de los chicos, acompa\u00f1ados por el ministro de Educaci\u00f3n de Naci\u00f3n, Alejandro Finocchiaro, y el director general de Cultura y Educaci\u00f3n, Gabriel S\u00e1nchez Zinny.<\/p>\n","protected":false},"excerpt":{"rendered":"<p>El presidente Mauricio Macri, la gobernadora de Buenos Aires, Mar\u00eda Eugenia Vidal, y el intendente de Tres de Febrero, Diego Valenzuela, lanzaron un programa pedag\u00f3gico de alfabetizaci\u00f3n digital, rob\u00f3tica y programaci\u00f3n en el Jard\u00edn de Infantes 917 de El Libertador. El plan \u201cAprender conectados\u201d incluye el desarrollo de contenido pedag\u00f3gico, la conectividad en las escuelas [&hellip;]<\/p>\n","protected":false},"author":1,"featured_media":13054,"comment_status":"closed","ping_status":"open","sticky":false,"template":"","format":"standard","meta":{"footnotes":""},"categories":[20,30,31,26],"tags":[],"class_list":{"0":"post-13053","1":"post","2":"type-post","3":"status-publish","4":"format-standard","5":"has-post-thumbnail","7":"category-municipios","8":"category-nacion","9":"category-provincia","10":"category-tres-de-febrero"},"aioseo_notices":[],"_links":{"self":[{"href":"https:\/\/guiadenoticias.com.ar\/diario\/wp-json\/wp\/v2\/posts\/13053","targetHints":{"allow":["GET"]}}],"collection":[{"href":"https:\/\/guiadenoticias.com.ar\/diario\/wp-json\/wp\/v2\/posts"}],"about":[{"href":"https:\/\/guiadenoticias.com.ar\/diario\/wp-json\/wp\/v2\/types\/post"}],"author":[{"embeddable":true,"href":"https:\/\/guiadenoticias.com.ar\/diario\/wp-json\/wp\/v2\/users\/1"}],"replies":[{"embeddable":true,"href":"https:\/\/guiadenoticias.com.ar\/diario\/wp-json\/wp\/v2\/comments?post=13053"}],"version-history":[{"count":1,"href":"https:\/\/guiadenoticias.com.ar\/diario\/wp-json\/wp\/v2\/posts\/13053\/revisions"}],"predecessor-version":[{"id":13055,"href":"https:\/\/guiadenoticias.com.ar\/diario\/wp-json\/wp\/v2\/posts\/13053\/revisions\/13055"}],"wp:featuredmedia":[{"embeddable":true,"href":"https:\/\/guiadenoticias.com.ar\/diario\/wp-json\/wp\/v2\/media\/13054"}],"wp:attachment":[{"href":"https:\/\/guiadenoticias.com.ar\/diario\/wp-json\/wp\/v2\/media?parent=13053"}],"wp:term":[{"taxonomy":"category","embeddable":true,"href":"https:\/\/guiadenoticias.com.ar\/diario\/wp-json\/wp\/v2\/categories?post=13053"},{"taxonomy":"post_tag","embeddable":true,"href":"https:\/\/guiadenoticias.com.ar\/diario\/wp-json\/wp\/v2\/tags?post=13053"}],"curies":[{"name":"wp","href":"https:\/\/api.w.org\/{rel}","templated":true}]}}