{"id":13059,"date":"2019-06-13T01:32:46","date_gmt":"2019-06-13T04:32:46","guid":{"rendered":"https:\/\/guiadenoticias.com.ar\/diario\/?p=13059"},"modified":"2019-06-13T01:34:11","modified_gmt":"2019-06-13T04:34:11","slug":"cova-necesitamos-la-unidad-para-tener-gobernabilidad","status":"publish","type":"post","link":"https:\/\/guiadenoticias.com.ar\/diario\/cova-necesitamos-la-unidad-para-tener-gobernabilidad\/","title":{"rendered":"Cova: \u201cNecesitamos la unidad para tener gobernabilidad\u201d"},"content":{"rendered":"<p>El precandidato a la Intendencia por el peronismo Claudio Cova ratific\u00f3 su apertura al di\u00e1logo y su vocaci\u00f3n de \u201cunidad\u201d, en tiempos de definiciones electorales. \u201cLlegado el momento veremos si tenemos que priorizar la unidad por sobre las apetencias personales de cada uno. Y trabajaremos para que el peronismo en su conjunto tenga la mejor elecci\u00f3n en San Mart\u00edn, esa es nuestra vocaci\u00f3n\u201d, declar\u00f3 ante Gu\u00eda de Noticias.<\/p>\n<p>\u201cEn estas semanas haremos el papel que tengamos que corresponda. Trabajamos para tener un municipio con crecimiento\u201d, a\u00f1adi\u00f3 el presidente de la C\u00e1mara Panaderil Sanmartinense. Su sector est\u00e1 alineado con Guillermo Moreno a nivel nacional, y tendr\u00eda lista larga propia, pero no descarta un acuerdo con el PJ local, encabezado por Katopodis.<\/p>\n<p>Por otro lado ponder\u00f3 que los esfuerzos de unificaci\u00f3n del panperonismo sumen volumen pol\u00edtico. \u201cLa unidad tan hablada y bregada se est\u00e1 dando de a poco; aunque no todos estar\u00e1n dentro, como el sector de Lavagna. Una gran mayor\u00eda se unific\u00f3 detr\u00e1s del PJ. No necesitamos tanto la unidad para ganar como para tener gobernabilidad y reconstruir un pa\u00eds devastado. S\u00f3lo as\u00ed podremos tirar todos del mismo carro\u201d, analiz\u00f3.<\/p>\n<p>Cova \u00a0arriesg\u00f3 que \u201ccuando lleguen las elecciones vamos a ver que las diferencias (entre peronismo y macrismo) son m\u00e1s grandes de lo que se piensa, porque no creo que a este gobierno le d\u00e9 para un ballotage. La gente lo tiene claro, va a hacer lugar a un gobierno peronista, sin dudas\u201d.<\/p>\n<p><strong>EL FUTURO DE LA ECONOM\u00cdA<\/strong><\/p>\n<p>El tambi\u00e9n referente de la Mesa \u00a0Empresaria justicialista encabez\u00f3 una charla debate sobre Pymes y tarifas. Participaron del panel el economista Alejandro Robba, el director de Defensa al Consumidor de San Mart\u00edn, Adri\u00e1n Ganino, y la abogada Andrea Manzi.<\/p>\n<p>\u201cLa problem\u00e1tica que tenemos en el presente son las tarifas y el cierre de empresas. Pero, tambi\u00e9n pensamos en el futuro, en el 11 de diciembre cuando asuma el nuevo gobierno\u201d, explic\u00f3 Cova a Gu\u00eda de Noticias luego del evento. La actividad se concret\u00f3 en la sede de la C\u00e1mara que preside. Cont\u00f3 con la concurrencia de peque\u00f1os y medianos empresarios, quienes plantearon la necesidad de un giro econ\u00f3mico en un posible gobierno peronista.<\/p>\n<p>Luego de exponer estad\u00edsticas sobre los crecientes costos de producci\u00f3n de las panader\u00edas, elaboradas con la UNSAM, destac\u00f3: \u201cPensamos c\u00f3mo reconstruir el aparato productivo, mover el motor para empezar a trabajar. Tendremos que reconstruir un pa\u00eds devastado\u201d.<\/p>\n<p>Ante la pregunta de este portal sobre el voto de los empresarios locales, advirti\u00f3 que en 2015 votaron a Cambiemos, pero ahora cree que dar\u00e1n un voto castigo al oficialismo. \u201cCuando ven el modelo de los cuatro a\u00f1os actuales pueden ver la experiencia de c\u00f3mo les mintieron, ya no se pueden comer ning\u00fan verso\u201d, dijo.<\/p>\n<p>Por su lado, Alejandro Robba consider\u00f3 que Cambiemos equivoc\u00f3 el diagn\u00f3stico al momento de asumir y hoy \u00a0\u201cestamos con todas las variables econ\u00f3micas peor que ese a\u00f1o\u201d. \u201cEl gobierno ha sido tan exitoso que no resolvi\u00f3 los problemas de 2015 y cre\u00f3 nuevos, como el endeudamiento externo. Insisti\u00f3 en \u2018lo peor ya pas\u00f3\u2019, \u2018vienen los brotes verdes\u2019, \u2018llegar\u00e1 el segundo semestre\u2019, pero s\u00f3lo fue una estafa electoral. De ac\u00e1 a fin de a\u00f1o, cada d\u00eda ser\u00e1 peor\u201d, alarm\u00f3.<\/p>\n<p>El especialista de la Universidad de Moreno requiri\u00f3 \u201ccambiar desde la pol\u00edtica este sistema econ\u00f3mico\u201d. Y se\u00f1al\u00f3, \u201cpara invertir en la producci\u00f3n hay que bajar las tasas de inter\u00e9s y frenar la bicicleta financiera. Ning\u00fan negocio productivo produce tasas de ganancia del 55%. Hay un d\u00f3lar artificialmente estabilizado a costa de la econom\u00eda real\u201d.<\/p>\n","protected":false},"excerpt":{"rendered":"<p>El precandidato a la Intendencia por el peronismo Claudio Cova ratific\u00f3 su apertura al di\u00e1logo y su vocaci\u00f3n de \u201cunidad\u201d, en tiempos de definiciones electorales. \u201cLlegado el momento veremos si tenemos que priorizar la unidad por sobre las apetencias personales de cada uno. Y trabajaremos para que el peronismo en su conjunto tenga la mejor [&hellip;]<\/p>\n","protected":false},"author":1,"featured_media":13060,"comment_status":"closed","ping_status":"open","sticky":false,"template":"","format":"standard","meta":{"footnotes":""},"categories":[49,20,48,24],"tags":[],"class_list":{"0":"post-13059","1":"post","2":"type-post","3":"status-publish","4":"format-standard","5":"has-post-thumbnail","7":"category-economia-y-gremiales","8":"category-municipios","9":"category-politica-argentina","10":"category-san-martin"},"aioseo_notices":[],"_links":{"self":[{"href":"https:\/\/guiadenoticias.com.ar\/diario\/wp-json\/wp\/v2\/posts\/13059","targetHints":{"allow":["GET"]}}],"collection":[{"href":"https:\/\/guiadenoticias.com.ar\/diario\/wp-json\/wp\/v2\/posts"}],"about":[{"href":"https:\/\/guiadenoticias.com.ar\/diario\/wp-json\/wp\/v2\/types\/post"}],"author":[{"embeddable":true,"href":"https:\/\/guiadenoticias.com.ar\/diario\/wp-json\/wp\/v2\/users\/1"}],"replies":[{"embeddable":true,"href":"https:\/\/guiadenoticias.com.ar\/diario\/wp-json\/wp\/v2\/comments?post=13059"}],"version-history":[{"count":1,"href":"https:\/\/guiadenoticias.com.ar\/diario\/wp-json\/wp\/v2\/posts\/13059\/revisions"}],"predecessor-version":[{"id":13061,"href":"https:\/\/guiadenoticias.com.ar\/diario\/wp-json\/wp\/v2\/posts\/13059\/revisions\/13061"}],"wp:featuredmedia":[{"embeddable":true,"href":"https:\/\/guiadenoticias.com.ar\/diario\/wp-json\/wp\/v2\/media\/13060"}],"wp:attachment":[{"href":"https:\/\/guiadenoticias.com.ar\/diario\/wp-json\/wp\/v2\/media?parent=13059"}],"wp:term":[{"taxonomy":"category","embeddable":true,"href":"https:\/\/guiadenoticias.com.ar\/diario\/wp-json\/wp\/v2\/categories?post=13059"},{"taxonomy":"post_tag","embeddable":true,"href":"https:\/\/guiadenoticias.com.ar\/diario\/wp-json\/wp\/v2\/tags?post=13059"}],"curies":[{"name":"wp","href":"https:\/\/api.w.org\/{rel}","templated":true}]}}